{"id":27734,"date":"2024-09-19T19:24:08","date_gmt":"2024-09-19T22:24:08","guid":{"rendered":"https:\/\/radiostudiow.com.br\/site\/?p=27734"},"modified":"2025-01-31T14:58:26","modified_gmt":"2025-01-31T17:58:26","slug":"operacao-integrada-entre-a-policia-militar-e-ministerio-publico-realizam-cumprimentos-de-mandados-na-regiao","status":"publish","type":"post","link":"https:\/\/radiostudiow.com.br\/site\/2024\/09\/19\/operacao-integrada-entre-a-policia-militar-e-ministerio-publico-realizam-cumprimentos-de-mandados-na-regiao\/","title":{"rendered":"Opera\u00e7\u00e3o Integrada entre a Pol\u00edcia Militar e Minist\u00e9rio P\u00fablico realizam cumprimentos de mandados na regi\u00e3o"},"content":{"rendered":"\n<p>Na manh\u00e3 desta quinta-feira, 19 de setembro, o 4\u00b0 CRPM deflagrou opera\u00e7\u00e3o integrada com o Minist\u00e9rio P\u00fablico da Comarca de Castro denominada Alvorada. Ao todo foram cumpridos 11 mandados de busca e apreens\u00e3o e cinco de pris\u00e3o nos munic\u00edpios de Castro e S\u00e3o Jos\u00e9 dos Pinhais envolvendo efetivo do 4\u00b0 CRPM, 1\u00b0 BPM e 17\u00b0 BPM.<\/p>\n\n\n\n<figure class=\"wp-block-image size-full\"><img loading=\"lazy\" decoding=\"async\" width=\"598\" height=\"204\" src=\"https:\/\/radiostudiow.com.br\/site\/wp-content\/uploads\/2024\/04\/image-23.png\" alt=\"\" class=\"wp-image-21221\" srcset=\"https:\/\/radiostudiow.com.br\/site\/wp-content\/uploads\/2024\/04\/image-23.png 598w, https:\/\/radiostudiow.com.br\/site\/wp-content\/uploads\/2024\/04\/image-23-300x102.png 300w\" sizes=\"auto, (max-width: 598px) 100vw, 598px\" \/><\/figure>\n\n\n\n<p>Durante a opera\u00e7\u00e3o uma equipe PM entrou em confronto com um dos alvos durante abordagem a<br>resid\u00eancia, sendo constatado \u00f3bito pelo SAMU. Com ele foi apreendido uma garrucha calibre 22,<br>muni\u00e7\u00f5es do mesmo calibre e aproximadamente 250 g de maconha.<\/p>\n\n\n\n<p>Nas outras resid\u00eancias foram apreendidas tr\u00eas armas de fogo, muni\u00e7\u00f5es e dinheiro que foram<br>encaminhados \u00e0 Delegacia, al\u00e9m do cumprimento de cinco Mandados de pris\u00e3o.<\/p>\n\n\n\n<figure class=\"wp-block-gallery has-nested-images columns-default is-cropped wp-block-gallery-1 is-layout-flex wp-block-gallery-is-layout-flex\">\n<figure class=\"wp-block-image size-large\"><img loading=\"lazy\" decoding=\"async\" width=\"1024\" height=\"768\" data-id=\"27736\" src=\"https:\/\/radiostudiow.com.br\/site\/wp-content\/uploads\/2024\/09\/02-5-1024x768.jpeg\" alt=\"\" class=\"wp-image-27736\" srcset=\"https:\/\/radiostudiow.com.br\/site\/wp-content\/uploads\/2024\/09\/02-5-1024x768.jpeg 1024w, https:\/\/radiostudiow.com.br\/site\/wp-content\/uploads\/2024\/09\/02-5-300x225.jpeg 300w, https:\/\/radiostudiow.com.br\/site\/wp-content\/uploads\/2024\/09\/02-5-768x576.jpeg 768w, https:\/\/radiostudiow.com.br\/site\/wp-content\/uploads\/2024\/09\/02-5-1536x1152.jpeg 1536w, https:\/\/radiostudiow.com.br\/site\/wp-content\/uploads\/2024\/09\/02-5.jpeg 1600w\" sizes=\"auto, (max-width: 1024px) 100vw, 1024px\" \/><\/figure>\n\n\n\n<figure class=\"wp-block-image size-large\"><img loading=\"lazy\" decoding=\"async\" width=\"794\" height=\"1024\" data-id=\"27738\" src=\"https:\/\/radiostudiow.com.br\/site\/wp-content\/uploads\/2024\/09\/03-5-794x1024.jpg\" alt=\"\" class=\"wp-image-27738\" srcset=\"https:\/\/radiostudiow.com.br\/site\/wp-content\/uploads\/2024\/09\/03-5-794x1024.jpg 794w, https:\/\/radiostudiow.com.br\/site\/wp-content\/uploads\/2024\/09\/03-5-233x300.jpg 233w, https:\/\/radiostudiow.com.br\/site\/wp-content\/uploads\/2024\/09\/03-5-768x990.jpg 768w, https:\/\/radiostudiow.com.br\/site\/wp-content\/uploads\/2024\/09\/03-5.jpg 1098w\" sizes=\"auto, (max-width: 794px) 100vw, 794px\" \/><\/figure>\n\n\n\n<figure class=\"wp-block-image size-large\"><img loading=\"lazy\" decoding=\"async\" width=\"1024\" height=\"576\" data-id=\"27737\" src=\"https:\/\/radiostudiow.com.br\/site\/wp-content\/uploads\/2024\/09\/04-2-1024x576.jpeg\" alt=\"\" class=\"wp-image-27737\" srcset=\"https:\/\/radiostudiow.com.br\/site\/wp-content\/uploads\/2024\/09\/04-2-1024x576.jpeg 1024w, https:\/\/radiostudiow.com.br\/site\/wp-content\/uploads\/2024\/09\/04-2-300x169.jpeg 300w, https:\/\/radiostudiow.com.br\/site\/wp-content\/uploads\/2024\/09\/04-2-768x432.jpeg 768w, https:\/\/radiostudiow.com.br\/site\/wp-content\/uploads\/2024\/09\/04-2-1536x864.jpeg 1536w, https:\/\/radiostudiow.com.br\/site\/wp-content\/uploads\/2024\/09\/04-2.jpeg 1599w\" sizes=\"auto, (max-width: 1024px) 100vw, 1024px\" \/><\/figure>\n<\/figure>\n","protected":false},"excerpt":{"rendered":"<p>Na manh\u00e3 desta quinta-feira, 19 de setembro, o 4\u00b0 CRPM deflagrou opera\u00e7\u00e3o integrada com o Minist\u00e9rio P\u00fablico da Comarca de Castro denominada Alvorada. Ao todo foram cumpridos 11 mandados de busca e apreens\u00e3o e cinco de pris\u00e3o nos munic\u00edpios de Castro e S\u00e3o Jos\u00e9 dos Pinhais envolvendo efetivo do 4\u00b0 CRPM, 1\u00b0 BPM e 17\u00b0 [&hellip;]<\/p>\n","protected":false},"author":2,"featured_media":27735,"comment_status":"open","ping_status":"open","sticky":false,"template":"","format":"standard","meta":{"footnotes":""},"categories":[2],"tags":[172],"class_list":["post-27734","post","type-post","status-publish","format-standard","has-post-thumbnail","hentry","category-policial","tag-featured"],"amp_enabled":true,"_links":{"self":[{"href":"https:\/\/radiostudiow.com.br\/site\/wp-json\/wp\/v2\/posts\/27734","targetHints":{"allow":["GET"]}}],"collection":[{"href":"https:\/\/radiostudiow.com.br\/site\/wp-json\/wp\/v2\/posts"}],"about":[{"href":"https:\/\/radiostudiow.com.br\/site\/wp-json\/wp\/v2\/types\/post"}],"author":[{"embeddable":true,"href":"https:\/\/radiostudiow.com.br\/site\/wp-json\/wp\/v2\/users\/2"}],"replies":[{"embeddable":true,"href":"https:\/\/radiostudiow.com.br\/site\/wp-json\/wp\/v2\/comments?post=27734"}],"version-history":[{"count":1,"href":"https:\/\/radiostudiow.com.br\/site\/wp-json\/wp\/v2\/posts\/27734\/revisions"}],"predecessor-version":[{"id":27739,"href":"https:\/\/radiostudiow.com.br\/site\/wp-json\/wp\/v2\/posts\/27734\/revisions\/27739"}],"wp:featuredmedia":[{"embeddable":true,"href":"https:\/\/radiostudiow.com.br\/site\/wp-json\/wp\/v2\/media\/27735"}],"wp:attachment":[{"href":"https:\/\/radiostudiow.com.br\/site\/wp-json\/wp\/v2\/media?parent=27734"}],"wp:term":[{"taxonomy":"category","embeddable":true,"href":"https:\/\/radiostudiow.com.br\/site\/wp-json\/wp\/v2\/categories?post=27734"},{"taxonomy":"post_tag","embeddable":true,"href":"https:\/\/radiostudiow.com.br\/site\/wp-json\/wp\/v2\/tags?post=27734"}],"curies":[{"name":"wp","href":"https:\/\/api.w.org\/{rel}","templated":true}]}}