{"id":27742,"date":"2024-09-19T19:27:42","date_gmt":"2024-09-19T22:27:42","guid":{"rendered":"https:\/\/radiostudiow.com.br\/site\/?p=27742"},"modified":"2025-01-31T14:58:26","modified_gmt":"2025-01-31T17:58:26","slug":"jovem-de-30-anos-e-encontrado-morto-pelo-avo-em-uniao-da-vitoria","status":"publish","type":"post","link":"https:\/\/radiostudiow.com.br\/site\/2024\/09\/19\/jovem-de-30-anos-e-encontrado-morto-pelo-avo-em-uniao-da-vitoria\/","title":{"rendered":"Jovem de 30 anos \u00e9 encontrado morto pelo av\u00f4 em Uni\u00e3o da Vit\u00f3ria"},"content":{"rendered":"\n<p>A equipe da Pol\u00edcia Militar de Uni\u00e3o da Vit\u00f3ria foi acionada para prestar apoio ao Servi\u00e7o de Atendimento M\u00f3vel de Urg\u00eancia (Samu) no bairro S\u00e3o Crist\u00f3v\u00e3o por volta das 12 horas desta quarta-feira (18).<\/p>\n\n\n\n<p>Segundo informa\u00e7\u00f5es, um homem teria chamado o Samu ao encontrar seu neto, i identificado como&nbsp;Jonathan Felipe Schmitt de 30 anos, deitado embaixo da cama, sem se mexer.<\/p>\n\n\n\n<figure class=\"wp-block-image size-full\"><img decoding=\"async\" src=\"https:\/\/radiostudiow.com.br\/site\/wp-content\/uploads\/2024\/04\/SITE-MEDIO.png\" alt=\"\" class=\"wp-image-21854\"\/><\/figure>\n\n\n\n<p>O solicitante que \u00e9 av\u00f4 da v\u00edtima, relatou que chegou na resid\u00eancia por volta das 10 horas e ficou assustado ao perceber a situa\u00e7\u00e3o e imediatamente acionou os servi\u00e7os de emerg\u00eancia.<\/p>\n\n\n\n<p>A equipe do Samu constatou o \u00f3bito do jovem, o local foi isolado pela Pol\u00edcia Militar, que acionou a Pol\u00edcia Civil e a Pol\u00edcia Cient\u00edfica para a realiza\u00e7\u00e3o dos procedimentos periciais necess\u00e1rios.<\/p>\n","protected":false},"excerpt":{"rendered":"<p>A equipe da Pol\u00edcia Militar de Uni\u00e3o da Vit\u00f3ria foi acionada para prestar apoio ao Servi\u00e7o de Atendimento M\u00f3vel de Urg\u00eancia (Samu) no bairro S\u00e3o Crist\u00f3v\u00e3o por volta das 12 horas desta quarta-feira (18). Segundo informa\u00e7\u00f5es, um homem teria chamado o Samu ao encontrar seu neto, i identificado como&nbsp;Jonathan Felipe Schmitt de 30 anos, deitado [&hellip;]<\/p>\n","protected":false},"author":2,"featured_media":27743,"comment_status":"open","ping_status":"open","sticky":false,"template":"","format":"standard","meta":{"footnotes":""},"categories":[185],"tags":[172],"class_list":["post-27742","post","type-post","status-publish","format-standard","has-post-thumbnail","hentry","category-regional","tag-featured"],"amp_enabled":true,"_links":{"self":[{"href":"https:\/\/radiostudiow.com.br\/site\/wp-json\/wp\/v2\/posts\/27742","targetHints":{"allow":["GET"]}}],"collection":[{"href":"https:\/\/radiostudiow.com.br\/site\/wp-json\/wp\/v2\/posts"}],"about":[{"href":"https:\/\/radiostudiow.com.br\/site\/wp-json\/wp\/v2\/types\/post"}],"author":[{"embeddable":true,"href":"https:\/\/radiostudiow.com.br\/site\/wp-json\/wp\/v2\/users\/2"}],"replies":[{"embeddable":true,"href":"https:\/\/radiostudiow.com.br\/site\/wp-json\/wp\/v2\/comments?post=27742"}],"version-history":[{"count":1,"href":"https:\/\/radiostudiow.com.br\/site\/wp-json\/wp\/v2\/posts\/27742\/revisions"}],"predecessor-version":[{"id":27744,"href":"https:\/\/radiostudiow.com.br\/site\/wp-json\/wp\/v2\/posts\/27742\/revisions\/27744"}],"wp:featuredmedia":[{"embeddable":true,"href":"https:\/\/radiostudiow.com.br\/site\/wp-json\/wp\/v2\/media\/27743"}],"wp:attachment":[{"href":"https:\/\/radiostudiow.com.br\/site\/wp-json\/wp\/v2\/media?parent=27742"}],"wp:term":[{"taxonomy":"category","embeddable":true,"href":"https:\/\/radiostudiow.com.br\/site\/wp-json\/wp\/v2\/categories?post=27742"},{"taxonomy":"post_tag","embeddable":true,"href":"https:\/\/radiostudiow.com.br\/site\/wp-json\/wp\/v2\/tags?post=27742"}],"curies":[{"name":"wp","href":"https:\/\/api.w.org\/{rel}","templated":true}]}}