{"id":27747,"date":"2024-09-19T19:32:42","date_gmt":"2024-09-19T22:32:42","guid":{"rendered":"https:\/\/radiostudiow.com.br\/site\/?p=27747"},"modified":"2025-01-31T14:58:26","modified_gmt":"2025-01-31T17:58:26","slug":"casal-e-preso-apos-tentativa-de-homicidio-em-sao-mateus-do-sul","status":"publish","type":"post","link":"https:\/\/radiostudiow.com.br\/site\/2024\/09\/19\/casal-e-preso-apos-tentativa-de-homicidio-em-sao-mateus-do-sul\/","title":{"rendered":"Casal \u00e9 preso ap\u00f3s tentativa de homic\u00eddio em S\u00e3o Mateus do Sul"},"content":{"rendered":"\n<p>A equipe da Pol\u00edcia Civil do Paran\u00e1, por meio da 3\u00aa Subdivis\u00e3o Policial de S\u00e3o Mateus do Sul, prendeu na quarta-feira, 18, um homem de 23 anos uma mulher de 29 anos investigados pela pr\u00e1tica de uma tentativa de homic\u00eddio na manh\u00e3 do dia 09 de junho de 2024 em S\u00e3o Mateus do Sul.<\/p>\n\n\n\n<figure class=\"wp-block-image size-full is-resized\"><img loading=\"lazy\" decoding=\"async\" width=\"900\" height=\"408\" src=\"https:\/\/radiostudiow.com.br\/site\/wp-content\/uploads\/2024\/08\/image-64.png\" alt=\"\" class=\"wp-image-26531\" style=\"width:597px;height:auto\" srcset=\"https:\/\/radiostudiow.com.br\/site\/wp-content\/uploads\/2024\/08\/image-64.png 900w, https:\/\/radiostudiow.com.br\/site\/wp-content\/uploads\/2024\/08\/image-64-300x136.png 300w, https:\/\/radiostudiow.com.br\/site\/wp-content\/uploads\/2024\/08\/image-64-768x348.png 768w\" sizes=\"auto, (max-width: 900px) 100vw, 900px\" \/><\/figure>\n\n\n\n<p>Na ocorr\u00eancia em junho, a v\u00edtima retornava do servi\u00e7o por volta das 6 horas da manh\u00e3, quando ao chegar pr\u00f3ximo do cruzamento das Ruas Guilherme Kantor e Ewaldo Gaensly, o condutor de uma motocicleta se aproximou e efetuou dois disparos em sua dire\u00e7\u00e3o, vindo a acertar a clav\u00edcula esquerda e um disparo na regi\u00e3o do abd\u00f4men.<\/p>\n\n\n\n<p>Conforme apurado nas investiga\u00e7\u00f5es, o planejamento do crime teve in\u00edcio em de abril de 2024 e foi motivado por ci\u00fames.<\/p>\n\n\n\n<p>No decorrer das investiga\u00e7\u00f5es foram cumpridos diversas ordens judiciais de busca e apreens\u00e3o em momentos distintos, com apreens\u00e3o de armas, muni\u00e7\u00f5es, drogas il\u00edcitas e celulares dos suspeitos. Al\u00e9m do casal, outras pessoas foram investigadas por prestarem aux\u00edlio no planejamento da tentativa de homic\u00eddio, que n\u00e3o se consumou por erro de pontaria do autor dos disparos.<\/p>\n\n\n\n<figure class=\"wp-block-image size-full\"><img decoding=\"async\" src=\"https:\/\/radiostudiow.com.br\/site\/wp-content\/uploads\/2024\/04\/image-58.png\" alt=\"\" class=\"wp-image-21416\"\/><\/figure>\n\n\n\n<p>Ainda durante a fase investigativa, foi preso em flagrante uma pessoa pela pr\u00e1tica do crime de posse irregular de arma de fogo e tr\u00e1fico de drogas que, supostamente, comercializava armas de fogo na cidade, inclusive aquela usada pelo autor do homic\u00eddio tentado.<\/p>\n","protected":false},"excerpt":{"rendered":"<p>A equipe da Pol\u00edcia Civil do Paran\u00e1, por meio da 3\u00aa Subdivis\u00e3o Policial de S\u00e3o Mateus do Sul, prendeu na quarta-feira, 18, um homem de 23 anos uma mulher de 29 anos investigados pela pr\u00e1tica de uma tentativa de homic\u00eddio na manh\u00e3 do dia 09 de junho de 2024 em S\u00e3o Mateus do Sul. Na [&hellip;]<\/p>\n","protected":false},"author":2,"featured_media":16931,"comment_status":"open","ping_status":"open","sticky":false,"template":"","format":"standard","meta":{"footnotes":""},"categories":[2],"tags":[172],"class_list":["post-27747","post","type-post","status-publish","format-standard","has-post-thumbnail","hentry","category-policial","tag-featured"],"amp_enabled":true,"_links":{"self":[{"href":"https:\/\/radiostudiow.com.br\/site\/wp-json\/wp\/v2\/posts\/27747","targetHints":{"allow":["GET"]}}],"collection":[{"href":"https:\/\/radiostudiow.com.br\/site\/wp-json\/wp\/v2\/posts"}],"about":[{"href":"https:\/\/radiostudiow.com.br\/site\/wp-json\/wp\/v2\/types\/post"}],"author":[{"embeddable":true,"href":"https:\/\/radiostudiow.com.br\/site\/wp-json\/wp\/v2\/users\/2"}],"replies":[{"embeddable":true,"href":"https:\/\/radiostudiow.com.br\/site\/wp-json\/wp\/v2\/comments?post=27747"}],"version-history":[{"count":1,"href":"https:\/\/radiostudiow.com.br\/site\/wp-json\/wp\/v2\/posts\/27747\/revisions"}],"predecessor-version":[{"id":27748,"href":"https:\/\/radiostudiow.com.br\/site\/wp-json\/wp\/v2\/posts\/27747\/revisions\/27748"}],"wp:featuredmedia":[{"embeddable":true,"href":"https:\/\/radiostudiow.com.br\/site\/wp-json\/wp\/v2\/media\/16931"}],"wp:attachment":[{"href":"https:\/\/radiostudiow.com.br\/site\/wp-json\/wp\/v2\/media?parent=27747"}],"wp:term":[{"taxonomy":"category","embeddable":true,"href":"https:\/\/radiostudiow.com.br\/site\/wp-json\/wp\/v2\/categories?post=27747"},{"taxonomy":"post_tag","embeddable":true,"href":"https:\/\/radiostudiow.com.br\/site\/wp-json\/wp\/v2\/tags?post=27747"}],"curies":[{"name":"wp","href":"https:\/\/api.w.org\/{rel}","templated":true}]}}