{"id":27749,"date":"2024-09-19T19:33:47","date_gmt":"2024-09-19T22:33:47","guid":{"rendered":"https:\/\/radiostudiow.com.br\/site\/?p=27749"},"modified":"2025-01-31T14:58:26","modified_gmt":"2025-01-31T17:58:26","slug":"vitima-procura-policia-e-diz-que-nao-suportar-mais-conviver-com-o-agressor-em-paula-freitas","status":"publish","type":"post","link":"https:\/\/radiostudiow.com.br\/site\/2024\/09\/19\/vitima-procura-policia-e-diz-que-nao-suportar-mais-conviver-com-o-agressor-em-paula-freitas\/","title":{"rendered":"V\u00edtima procura pol\u00edcia e diz que n\u00e3o suportar mais conviver com o agressor em Paula Freitas"},"content":{"rendered":"\n<p>Por volta das 13:30 horas dessa quarta-feira, 18 de setembro, a equipe da Pol\u00edcia Militar de Paula Freitas realizou um boletim referente a viol\u00eancia dom\u00e9stica. A v\u00edtima envolvida informou que queria representar contra seu convivente.<\/p>\n\n\n\n<figure class=\"wp-block-image size-full\"><img loading=\"lazy\" decoding=\"async\" width=\"598\" height=\"204\" src=\"https:\/\/radiostudiow.com.br\/site\/wp-content\/uploads\/2024\/09\/AFUBRA.png\" alt=\"\" class=\"wp-image-27135\" srcset=\"https:\/\/radiostudiow.com.br\/site\/wp-content\/uploads\/2024\/09\/AFUBRA.png 598w, https:\/\/radiostudiow.com.br\/site\/wp-content\/uploads\/2024\/09\/AFUBRA-300x102.png 300w\" sizes=\"auto, (max-width: 598px) 100vw, 598px\" \/><\/figure>\n\n\n\n<p>A mulher relatou que j\u00e1 foi agredida anteriormente e inclusive no momento da den\u00fancia, a v\u00edtima compareceu ao pelot\u00e3o chorando e desesperada, confessando que j\u00e1 levou v\u00e1rios golpes de soco na cabe\u00e7a, al\u00e9m do autor ser agressivo \u00e9 arrogante.<\/p>\n\n\n\n<p>A v\u00edtima disse aos policiais que n\u00e3o aguenta mais conviver com o agressor. Diante da situa\u00e7\u00e3o o autor recebeu voz de pris\u00e3o e foi encaminhado as partes para a 4\u00aa SDP.<\/p>\n","protected":false},"excerpt":{"rendered":"<p>Por volta das 13:30 horas dessa quarta-feira, 18 de setembro, a equipe da Pol\u00edcia Militar de Paula Freitas realizou um boletim referente a viol\u00eancia dom\u00e9stica. A v\u00edtima envolvida informou que queria representar contra seu convivente. A mulher relatou que j\u00e1 foi agredida anteriormente e inclusive no momento da den\u00fancia, a v\u00edtima compareceu ao pelot\u00e3o chorando [&hellip;]<\/p>\n","protected":false},"author":2,"featured_media":27154,"comment_status":"open","ping_status":"open","sticky":false,"template":"","format":"standard","meta":{"footnotes":""},"categories":[2],"tags":[172],"class_list":["post-27749","post","type-post","status-publish","format-standard","has-post-thumbnail","hentry","category-policial","tag-featured"],"amp_enabled":true,"_links":{"self":[{"href":"https:\/\/radiostudiow.com.br\/site\/wp-json\/wp\/v2\/posts\/27749","targetHints":{"allow":["GET"]}}],"collection":[{"href":"https:\/\/radiostudiow.com.br\/site\/wp-json\/wp\/v2\/posts"}],"about":[{"href":"https:\/\/radiostudiow.com.br\/site\/wp-json\/wp\/v2\/types\/post"}],"author":[{"embeddable":true,"href":"https:\/\/radiostudiow.com.br\/site\/wp-json\/wp\/v2\/users\/2"}],"replies":[{"embeddable":true,"href":"https:\/\/radiostudiow.com.br\/site\/wp-json\/wp\/v2\/comments?post=27749"}],"version-history":[{"count":1,"href":"https:\/\/radiostudiow.com.br\/site\/wp-json\/wp\/v2\/posts\/27749\/revisions"}],"predecessor-version":[{"id":27751,"href":"https:\/\/radiostudiow.com.br\/site\/wp-json\/wp\/v2\/posts\/27749\/revisions\/27751"}],"wp:featuredmedia":[{"embeddable":true,"href":"https:\/\/radiostudiow.com.br\/site\/wp-json\/wp\/v2\/media\/27154"}],"wp:attachment":[{"href":"https:\/\/radiostudiow.com.br\/site\/wp-json\/wp\/v2\/media?parent=27749"}],"wp:term":[{"taxonomy":"category","embeddable":true,"href":"https:\/\/radiostudiow.com.br\/site\/wp-json\/wp\/v2\/categories?post=27749"},{"taxonomy":"post_tag","embeddable":true,"href":"https:\/\/radiostudiow.com.br\/site\/wp-json\/wp\/v2\/tags?post=27749"}],"curies":[{"name":"wp","href":"https:\/\/api.w.org\/{rel}","templated":true}]}}