{"id":27777,"date":"2024-09-23T16:47:11","date_gmt":"2024-09-23T19:47:11","guid":{"rendered":"https:\/\/radiostudiow.com.br\/site\/?p=27777"},"modified":"2025-01-31T14:58:26","modified_gmt":"2025-01-31T17:58:26","slug":"veiculo-com-documentacao-irregular-e-apreendido-em-uniao-da-vitoria","status":"publish","type":"post","link":"https:\/\/radiostudiow.com.br\/site\/2024\/09\/23\/veiculo-com-documentacao-irregular-e-apreendido-em-uniao-da-vitoria\/","title":{"rendered":"Ve\u00edculo com documenta\u00e7\u00e3o irregular \u00e9 apreendido em Uni\u00e3o da Vit\u00f3ria"},"content":{"rendered":"\n<p>Uma equipe policial que realizava patrulhamento no bairro S\u00e3o Joaquim avistou um\u00a0ve\u00edculo Fiat\/Uno Vivace trafegando em alta velocidade.\u00a0Diante da situa\u00e7\u00e3o, os policiais optaram por abordar o carro por volta das 02:50 horas na madrugada deste s\u00e1bado (21).<\/p>\n\n\n\n<figure class=\"wp-block-image size-full\"><img decoding=\"async\" src=\"https:\/\/radiostudiow.com.br\/site\/wp-content\/uploads\/2024\/04\/SITE-MEDIO.png\" alt=\"\" class=\"wp-image-21854\"\/><\/figure>\n\n\n\n<p>Durante a revista pessoal, nada de il\u00edcito foi encontrado com os ocupantes.&nbsp;No entanto, ao consultar os sistemas informatizados, foi constatado que o \u00faltimo licenciamento do ve\u00edculo estava pago apenas at\u00e9 o ano de 2017. Al\u00e9m disso, o carro possu\u00eda placa de Londrina, mas estava registrado na cidade de Curitiba, e apresentava problemas no sistema de ilumina\u00e7\u00e3o, que se encontrava inoperante.<\/p>\n\n\n\n<p>Diante das irregularidades, o ve\u00edculo foi recolhido ao p\u00e1tio do 27\u00b0 BPM, e os autos de infra\u00e7\u00e3o correspondentes foram confeccionados para que as provid\u00eancias legais sejam tomadas.<\/p>\n","protected":false},"excerpt":{"rendered":"<p>Uma equipe policial que realizava patrulhamento no bairro S\u00e3o Joaquim avistou um\u00a0ve\u00edculo Fiat\/Uno Vivace trafegando em alta velocidade.\u00a0Diante da situa\u00e7\u00e3o, os policiais optaram por abordar o carro por volta das 02:50 horas na madrugada deste s\u00e1bado (21). Durante a revista pessoal, nada de il\u00edcito foi encontrado com os ocupantes.&nbsp;No entanto, ao consultar os sistemas informatizados, [&hellip;]<\/p>\n","protected":false},"author":2,"featured_media":27778,"comment_status":"open","ping_status":"open","sticky":false,"template":"","format":"standard","meta":{"footnotes":""},"categories":[2],"tags":[172],"class_list":["post-27777","post","type-post","status-publish","format-standard","has-post-thumbnail","hentry","category-policial","tag-featured"],"amp_enabled":true,"_links":{"self":[{"href":"https:\/\/radiostudiow.com.br\/site\/wp-json\/wp\/v2\/posts\/27777","targetHints":{"allow":["GET"]}}],"collection":[{"href":"https:\/\/radiostudiow.com.br\/site\/wp-json\/wp\/v2\/posts"}],"about":[{"href":"https:\/\/radiostudiow.com.br\/site\/wp-json\/wp\/v2\/types\/post"}],"author":[{"embeddable":true,"href":"https:\/\/radiostudiow.com.br\/site\/wp-json\/wp\/v2\/users\/2"}],"replies":[{"embeddable":true,"href":"https:\/\/radiostudiow.com.br\/site\/wp-json\/wp\/v2\/comments?post=27777"}],"version-history":[{"count":2,"href":"https:\/\/radiostudiow.com.br\/site\/wp-json\/wp\/v2\/posts\/27777\/revisions"}],"predecessor-version":[{"id":27805,"href":"https:\/\/radiostudiow.com.br\/site\/wp-json\/wp\/v2\/posts\/27777\/revisions\/27805"}],"wp:featuredmedia":[{"embeddable":true,"href":"https:\/\/radiostudiow.com.br\/site\/wp-json\/wp\/v2\/media\/27778"}],"wp:attachment":[{"href":"https:\/\/radiostudiow.com.br\/site\/wp-json\/wp\/v2\/media?parent=27777"}],"wp:term":[{"taxonomy":"category","embeddable":true,"href":"https:\/\/radiostudiow.com.br\/site\/wp-json\/wp\/v2\/categories?post=27777"},{"taxonomy":"post_tag","embeddable":true,"href":"https:\/\/radiostudiow.com.br\/site\/wp-json\/wp\/v2\/tags?post=27777"}],"curies":[{"name":"wp","href":"https:\/\/api.w.org\/{rel}","templated":true}]}}