{"id":27780,"date":"2024-09-24T09:23:25","date_gmt":"2024-09-24T12:23:25","guid":{"rendered":"https:\/\/radiostudiow.com.br\/site\/?p=27780"},"modified":"2025-01-31T14:58:25","modified_gmt":"2025-01-31T17:58:25","slug":"condutora-embriagada-atropela-crianca-e-mulher-em-uniao-da-vitoria","status":"publish","type":"post","link":"https:\/\/radiostudiow.com.br\/site\/2024\/09\/24\/condutora-embriagada-atropela-crianca-e-mulher-em-uniao-da-vitoria\/","title":{"rendered":"Condutora embriagada atropela crian\u00e7a e mulher em Uni\u00e3o da Vit\u00f3ria"},"content":{"rendered":"\n<p>A Pol\u00edcia Militar foi acionada para atender um grave acidente por volta das 15:55 horas deste s\u00e1bado, 21 de setembro, aonde uma condutora de um&nbsp;Fiat\/Uno, embriagada, atropelou uma mulher e um menino na Rua Andr\u00e9 Juck, no bairro Limeira em Uni\u00e3o da Vit\u00f3ria<\/p>\n\n\n\n<figure class=\"wp-block-image size-full\"><img decoding=\"async\" src=\"https:\/\/radiostudiow.com.br\/site\/wp-content\/uploads\/2024\/04\/SITE-MEDIO.png\" alt=\"\" class=\"wp-image-21854\"\/><\/figure>\n\n\n\n<p>Testemunhas relataram que, al\u00e9m da condutora, havia outros dois homens no ve\u00edculo.&nbsp;Ap\u00f3s o incidente, eles tentaram fugir, mas foram contidos por populares.<\/p>\n\n\n\n<p>A crian\u00e7a, um menino de aproximadamente cinco anos, sofreu les\u00f5es graves.&nbsp;Uma enfermeira que passava pelo local no momento do acidente prestou os primeiros socorros, e, segundo testemunhas, o Posto de Sa\u00fade do bairro foi arrombado para possibilitar o atendimento inicial. Informa\u00e7\u00f5es indicam que a crian\u00e7a chegou a ficar presa embaixo do carro.<\/p>\n\n\n\n<figure class=\"wp-block-image size-full is-resized\"><img loading=\"lazy\" decoding=\"async\" width=\"613\" height=\"452\" src=\"https:\/\/radiostudiow.com.br\/site\/wp-content\/uploads\/2024\/09\/image-70.png\" alt=\"\" class=\"wp-image-27782\" style=\"width:418px;height:auto\" srcset=\"https:\/\/radiostudiow.com.br\/site\/wp-content\/uploads\/2024\/09\/image-70.png 613w, https:\/\/radiostudiow.com.br\/site\/wp-content\/uploads\/2024\/09\/image-70-300x221.png 300w\" sizes=\"auto, (max-width: 613px) 100vw, 613px\" \/><figcaption class=\"wp-element-caption\">Confus\u00e3o durante o atendimento das v\u00edtimas<\/figcaption><\/figure>\n\n\n\n<p>A ambul\u00e2ncia do Samu levou o menino, em estado grave, para o hospital APMI,&nbsp;enquanto a equipe dos bombeiros encaminhou a mulher para atendimento m\u00e9dico. A Pol\u00edcia Militar confirmou o ocorrido, ressaltando que a condutora, embriagada, foi presa em flagrante.<\/p>\n","protected":false},"excerpt":{"rendered":"<p>A Pol\u00edcia Militar foi acionada para atender um grave acidente por volta das 15:55 horas deste s\u00e1bado, 21 de setembro, aonde uma condutora de um&nbsp;Fiat\/Uno, embriagada, atropelou uma mulher e um menino na Rua Andr\u00e9 Juck, no bairro Limeira em Uni\u00e3o da Vit\u00f3ria Testemunhas relataram que, al\u00e9m da condutora, havia outros dois homens no ve\u00edculo.&nbsp;Ap\u00f3s [&hellip;]<\/p>\n","protected":false},"author":2,"featured_media":27781,"comment_status":"open","ping_status":"open","sticky":false,"template":"","format":"standard","meta":{"footnotes":""},"categories":[185],"tags":[172],"class_list":["post-27780","post","type-post","status-publish","format-standard","has-post-thumbnail","hentry","category-regional","tag-featured"],"amp_enabled":true,"_links":{"self":[{"href":"https:\/\/radiostudiow.com.br\/site\/wp-json\/wp\/v2\/posts\/27780","targetHints":{"allow":["GET"]}}],"collection":[{"href":"https:\/\/radiostudiow.com.br\/site\/wp-json\/wp\/v2\/posts"}],"about":[{"href":"https:\/\/radiostudiow.com.br\/site\/wp-json\/wp\/v2\/types\/post"}],"author":[{"embeddable":true,"href":"https:\/\/radiostudiow.com.br\/site\/wp-json\/wp\/v2\/users\/2"}],"replies":[{"embeddable":true,"href":"https:\/\/radiostudiow.com.br\/site\/wp-json\/wp\/v2\/comments?post=27780"}],"version-history":[{"count":3,"href":"https:\/\/radiostudiow.com.br\/site\/wp-json\/wp\/v2\/posts\/27780\/revisions"}],"predecessor-version":[{"id":27859,"href":"https:\/\/radiostudiow.com.br\/site\/wp-json\/wp\/v2\/posts\/27780\/revisions\/27859"}],"wp:featuredmedia":[{"embeddable":true,"href":"https:\/\/radiostudiow.com.br\/site\/wp-json\/wp\/v2\/media\/27781"}],"wp:attachment":[{"href":"https:\/\/radiostudiow.com.br\/site\/wp-json\/wp\/v2\/media?parent=27780"}],"wp:term":[{"taxonomy":"category","embeddable":true,"href":"https:\/\/radiostudiow.com.br\/site\/wp-json\/wp\/v2\/categories?post=27780"},{"taxonomy":"post_tag","embeddable":true,"href":"https:\/\/radiostudiow.com.br\/site\/wp-json\/wp\/v2\/tags?post=27780"}],"curies":[{"name":"wp","href":"https:\/\/api.w.org\/{rel}","templated":true}]}}