{"id":27784,"date":"2024-09-23T16:37:31","date_gmt":"2024-09-23T19:37:31","guid":{"rendered":"https:\/\/radiostudiow.com.br\/site\/?p=27784"},"modified":"2025-01-31T14:58:26","modified_gmt":"2025-01-31T17:58:26","slug":"ciclista-e-morto-em-acidente-em-uniao-da-vitoria","status":"publish","type":"post","link":"https:\/\/radiostudiow.com.br\/site\/2024\/09\/23\/ciclista-e-morto-em-acidente-em-uniao-da-vitoria\/","title":{"rendered":"Ciclista \u00e9 morto em acidente em Uni\u00e3o da Vit\u00f3ria"},"content":{"rendered":"\n<p>Um grave acidente envolvendo um autom\u00f3vel e uma bicicleta resultou na morte de\u00a0Luiz Antonio Padilha, de 49 anos,\u00a0em Uni\u00e3o da Vit\u00f3ria na noite deste s\u00e1bado (21).<\/p>\n\n\n\n<p>O acidente ocorreu na Rua Pedro Stelmachuk, pr\u00f3ximo ao local onde, dias antes, outro acidente fatal tirou a vida da ciclista Rosane Ovinski, na quarta-feira (18).<\/p>\n\n\n\n<figure class=\"wp-block-image size-full\"><img loading=\"lazy\" decoding=\"async\" width=\"598\" height=\"204\" src=\"https:\/\/radiostudiow.com.br\/site\/wp-content\/uploads\/2024\/09\/AFUBRA.png\" alt=\"\" class=\"wp-image-27135\" srcset=\"https:\/\/radiostudiow.com.br\/site\/wp-content\/uploads\/2024\/09\/AFUBRA.png 598w, https:\/\/radiostudiow.com.br\/site\/wp-content\/uploads\/2024\/09\/AFUBRA-300x102.png 300w\" sizes=\"auto, (max-width: 598px) 100vw, 598px\" \/><\/figure>\n\n\n\n<p>Desta vez, o acidente aconteceu em uma curva, pr\u00f3ximo \u00e0 ponte que d\u00e1 acesso ao bairro Bom Jesus. De acordo com informa\u00e7\u00f5es preliminares, o motorista do carro envolvido fugiu do local sem prestar socorro.&nbsp;Infelizmente, o ciclista veio a \u00f3bito ainda no local, fato confirmado pela equipe da Pol\u00edcia Militar.<\/p>\n\n\n\n<p>As circunst\u00e2ncias exatas do acidente ainda est\u00e3o sendo investigadas, e, at\u00e9 o momento, n\u00e3o h\u00e1 informa\u00e7\u00f5es detalhadas sobre o ve\u00edculo ou a identidade do motorista respons\u00e1vel.<\/p>\n","protected":false},"excerpt":{"rendered":"<p>Um grave acidente envolvendo um autom\u00f3vel e uma bicicleta resultou na morte de\u00a0Luiz Antonio Padilha, de 49 anos,\u00a0em Uni\u00e3o da Vit\u00f3ria na noite deste s\u00e1bado (21). O acidente ocorreu na Rua Pedro Stelmachuk, pr\u00f3ximo ao local onde, dias antes, outro acidente fatal tirou a vida da ciclista Rosane Ovinski, na quarta-feira (18). Desta vez, o [&hellip;]<\/p>\n","protected":false},"author":2,"featured_media":27786,"comment_status":"open","ping_status":"open","sticky":false,"template":"","format":"standard","meta":{"footnotes":""},"categories":[185],"tags":[172],"class_list":["post-27784","post","type-post","status-publish","format-standard","has-post-thumbnail","hentry","category-regional","tag-featured"],"amp_enabled":true,"_links":{"self":[{"href":"https:\/\/radiostudiow.com.br\/site\/wp-json\/wp\/v2\/posts\/27784","targetHints":{"allow":["GET"]}}],"collection":[{"href":"https:\/\/radiostudiow.com.br\/site\/wp-json\/wp\/v2\/posts"}],"about":[{"href":"https:\/\/radiostudiow.com.br\/site\/wp-json\/wp\/v2\/types\/post"}],"author":[{"embeddable":true,"href":"https:\/\/radiostudiow.com.br\/site\/wp-json\/wp\/v2\/users\/2"}],"replies":[{"embeddable":true,"href":"https:\/\/radiostudiow.com.br\/site\/wp-json\/wp\/v2\/comments?post=27784"}],"version-history":[{"count":2,"href":"https:\/\/radiostudiow.com.br\/site\/wp-json\/wp\/v2\/posts\/27784\/revisions"}],"predecessor-version":[{"id":27802,"href":"https:\/\/radiostudiow.com.br\/site\/wp-json\/wp\/v2\/posts\/27784\/revisions\/27802"}],"wp:featuredmedia":[{"embeddable":true,"href":"https:\/\/radiostudiow.com.br\/site\/wp-json\/wp\/v2\/media\/27786"}],"wp:attachment":[{"href":"https:\/\/radiostudiow.com.br\/site\/wp-json\/wp\/v2\/media?parent=27784"}],"wp:term":[{"taxonomy":"category","embeddable":true,"href":"https:\/\/radiostudiow.com.br\/site\/wp-json\/wp\/v2\/categories?post=27784"},{"taxonomy":"post_tag","embeddable":true,"href":"https:\/\/radiostudiow.com.br\/site\/wp-json\/wp\/v2\/tags?post=27784"}],"curies":[{"name":"wp","href":"https:\/\/api.w.org\/{rel}","templated":true}]}}