{"id":27788,"date":"2024-09-24T09:55:02","date_gmt":"2024-09-24T12:55:02","guid":{"rendered":"https:\/\/radiostudiow.com.br\/site\/?p=27788"},"modified":"2025-01-31T14:58:25","modified_gmt":"2025-01-31T17:58:25","slug":"veiculo-furtado-e-recuperado-pela-policia-no-bairro-sagrada-familia","status":"publish","type":"post","link":"https:\/\/radiostudiow.com.br\/site\/2024\/09\/24\/veiculo-furtado-e-recuperado-pela-policia-no-bairro-sagrada-familia\/","title":{"rendered":"Pol\u00edcia Militar recupera ve\u00edculo que havia sido furtado em Uni\u00e3o da Vit\u00f3ria"},"content":{"rendered":"\n<figure class=\"wp-block-image size-full\"><img loading=\"lazy\" decoding=\"async\" width=\"897\" height=\"204\" src=\"https:\/\/radiostudiow.com.br\/site\/wp-content\/uploads\/2024\/04\/image-37.png\" alt=\"\" class=\"wp-image-21305\" srcset=\"https:\/\/radiostudiow.com.br\/site\/wp-content\/uploads\/2024\/04\/image-37.png 897w, https:\/\/radiostudiow.com.br\/site\/wp-content\/uploads\/2024\/04\/image-37-300x68.png 300w, https:\/\/radiostudiow.com.br\/site\/wp-content\/uploads\/2024\/04\/image-37-768x175.png 768w\" sizes=\"auto, (max-width: 897px) 100vw, 897px\" \/><\/figure>\n\n\n\n<p>A equipe da Pol\u00edcia Militar de Uni\u00e3o da Vit\u00f3ria foi acionada via COPOM ap\u00f3s receber uma den\u00fancia de furto de ve\u00edculo no bairro Sagrada Fam\u00edlia na madrugada deste domingo (22).<\/p>\n\n\n\n<p>Segundo o relato do propriet\u00e1rio, ele havia estacionado seu carro, um Fiat\/Uno Mille, pr\u00f3ximo a um estabelecimento comercial. Cerca de meia hora depois, ao retornar, n\u00e3o encontrou o ve\u00edculo no local, constatando o furto.<\/p>\n\n\n\n<figure class=\"wp-block-image size-full\"><img loading=\"lazy\" decoding=\"async\" width=\"590\" height=\"204\" src=\"https:\/\/radiostudiow.com.br\/site\/wp-content\/uploads\/2024\/04\/image-27.png\" alt=\"\" class=\"wp-image-21280\" srcset=\"https:\/\/radiostudiow.com.br\/site\/wp-content\/uploads\/2024\/04\/image-27.png 590w, https:\/\/radiostudiow.com.br\/site\/wp-content\/uploads\/2024\/04\/image-27-300x104.png 300w\" sizes=\"auto, (max-width: 590px) 100vw, 590px\" \/><\/figure>\n\n\n\n<p>Imediatamente, as equipes policiais iniciaram o patrulhamento nas redondezas. A equipe do canil conseguiu localizar o ve\u00edculo e abordar o suspeito.<\/p>\n\n\n\n<p>O autor do crime recebeu voz de pris\u00e3o e foi encaminhado \u00e0 4\u00aa Subdivis\u00e3o Policial (SDP) para as devidas provid\u00eancias. O ve\u00edculo foi recuperado sem danos.<\/p>\n","protected":false},"excerpt":{"rendered":"<p>A equipe da Pol\u00edcia Militar de Uni\u00e3o da Vit\u00f3ria foi acionada via COPOM ap\u00f3s receber uma den\u00fancia de furto de ve\u00edculo no bairro Sagrada Fam\u00edlia na madrugada deste domingo (22). Segundo o relato do propriet\u00e1rio, ele havia estacionado seu carro, um Fiat\/Uno Mille, pr\u00f3ximo a um estabelecimento comercial. Cerca de meia hora depois, ao retornar, [&hellip;]<\/p>\n","protected":false},"author":2,"featured_media":27789,"comment_status":"open","ping_status":"open","sticky":false,"template":"","format":"standard","meta":{"footnotes":""},"categories":[2],"tags":[172],"class_list":["post-27788","post","type-post","status-publish","format-standard","has-post-thumbnail","hentry","category-policial","tag-featured"],"amp_enabled":true,"_links":{"self":[{"href":"https:\/\/radiostudiow.com.br\/site\/wp-json\/wp\/v2\/posts\/27788","targetHints":{"allow":["GET"]}}],"collection":[{"href":"https:\/\/radiostudiow.com.br\/site\/wp-json\/wp\/v2\/posts"}],"about":[{"href":"https:\/\/radiostudiow.com.br\/site\/wp-json\/wp\/v2\/types\/post"}],"author":[{"embeddable":true,"href":"https:\/\/radiostudiow.com.br\/site\/wp-json\/wp\/v2\/users\/2"}],"replies":[{"embeddable":true,"href":"https:\/\/radiostudiow.com.br\/site\/wp-json\/wp\/v2\/comments?post=27788"}],"version-history":[{"count":3,"href":"https:\/\/radiostudiow.com.br\/site\/wp-json\/wp\/v2\/posts\/27788\/revisions"}],"predecessor-version":[{"id":27865,"href":"https:\/\/radiostudiow.com.br\/site\/wp-json\/wp\/v2\/posts\/27788\/revisions\/27865"}],"wp:featuredmedia":[{"embeddable":true,"href":"https:\/\/radiostudiow.com.br\/site\/wp-json\/wp\/v2\/media\/27789"}],"wp:attachment":[{"href":"https:\/\/radiostudiow.com.br\/site\/wp-json\/wp\/v2\/media?parent=27788"}],"wp:term":[{"taxonomy":"category","embeddable":true,"href":"https:\/\/radiostudiow.com.br\/site\/wp-json\/wp\/v2\/categories?post=27788"},{"taxonomy":"post_tag","embeddable":true,"href":"https:\/\/radiostudiow.com.br\/site\/wp-json\/wp\/v2\/tags?post=27788"}],"curies":[{"name":"wp","href":"https:\/\/api.w.org\/{rel}","templated":true}]}}