{"id":27791,"date":"2024-09-23T16:51:33","date_gmt":"2024-09-23T19:51:33","guid":{"rendered":"https:\/\/radiostudiow.com.br\/site\/?p=27791"},"modified":"2025-01-31T14:58:26","modified_gmt":"2025-01-31T17:58:26","slug":"homem-e-preso-por-posse-de-cocaina-em-uniao-da-vitoria","status":"publish","type":"post","link":"https:\/\/radiostudiow.com.br\/site\/2024\/09\/23\/homem-e-preso-por-posse-de-cocaina-em-uniao-da-vitoria\/","title":{"rendered":"Homem \u00e9 preso por posse de coca\u00edna em Uni\u00e3o da Vit\u00f3ria"},"content":{"rendered":"\n<p>A equipe da equipe Pol\u00edcia Militar de Uni\u00e3o da Vit\u00f3ria realizou uma opera\u00e7\u00e3o em uma resid\u00eancia no bairro Panorama por volta das 20:15 horas na noite deste s\u00e1bado (21).<\/p>\n\n\n\n<figure class=\"wp-block-image size-full\"><img loading=\"lazy\" decoding=\"async\" width=\"897\" height=\"204\" src=\"https:\/\/radiostudiow.com.br\/site\/wp-content\/uploads\/2024\/04\/image-7.png\" alt=\"\" class=\"wp-image-21177\" srcset=\"https:\/\/radiostudiow.com.br\/site\/wp-content\/uploads\/2024\/04\/image-7.png 897w, https:\/\/radiostudiow.com.br\/site\/wp-content\/uploads\/2024\/04\/image-7-300x68.png 300w, https:\/\/radiostudiow.com.br\/site\/wp-content\/uploads\/2024\/04\/image-7-768x175.png 768w\" sizes=\"auto, (max-width: 897px) 100vw, 897px\" \/><\/figure>\n\n\n\n<p>Durante a abordagem, foram apreendidas cerca de 10 gramas de subst\u00e2ncia an\u00e1loga \u00e0 coca\u00edna. Um homem foi preso no local e encaminhado \u00e0 delegacia para as provid\u00eancias cab\u00edveis.<\/p>\n\n\n\n<p>A a\u00e7\u00e3o faz parte de um esfor\u00e7o cont\u00ednuo das autoridades no combate ao tr\u00e1fico de drogas na regi\u00e3o.<\/p>\n","protected":false},"excerpt":{"rendered":"<p>A equipe da equipe Pol\u00edcia Militar de Uni\u00e3o da Vit\u00f3ria realizou uma opera\u00e7\u00e3o em uma resid\u00eancia no bairro Panorama por volta das 20:15 horas na noite deste s\u00e1bado (21). Durante a abordagem, foram apreendidas cerca de 10 gramas de subst\u00e2ncia an\u00e1loga \u00e0 coca\u00edna. Um homem foi preso no local e encaminhado \u00e0 delegacia para as [&hellip;]<\/p>\n","protected":false},"author":2,"featured_media":27883,"comment_status":"open","ping_status":"open","sticky":false,"template":"","format":"standard","meta":{"footnotes":""},"categories":[2],"tags":[172],"class_list":["post-27791","post","type-post","status-publish","format-standard","has-post-thumbnail","hentry","category-policial","tag-featured"],"amp_enabled":true,"_links":{"self":[{"href":"https:\/\/radiostudiow.com.br\/site\/wp-json\/wp\/v2\/posts\/27791","targetHints":{"allow":["GET"]}}],"collection":[{"href":"https:\/\/radiostudiow.com.br\/site\/wp-json\/wp\/v2\/posts"}],"about":[{"href":"https:\/\/radiostudiow.com.br\/site\/wp-json\/wp\/v2\/types\/post"}],"author":[{"embeddable":true,"href":"https:\/\/radiostudiow.com.br\/site\/wp-json\/wp\/v2\/users\/2"}],"replies":[{"embeddable":true,"href":"https:\/\/radiostudiow.com.br\/site\/wp-json\/wp\/v2\/comments?post=27791"}],"version-history":[{"count":2,"href":"https:\/\/radiostudiow.com.br\/site\/wp-json\/wp\/v2\/posts\/27791\/revisions"}],"predecessor-version":[{"id":27807,"href":"https:\/\/radiostudiow.com.br\/site\/wp-json\/wp\/v2\/posts\/27791\/revisions\/27807"}],"wp:featuredmedia":[{"embeddable":true,"href":"https:\/\/radiostudiow.com.br\/site\/wp-json\/wp\/v2\/media\/27883"}],"wp:attachment":[{"href":"https:\/\/radiostudiow.com.br\/site\/wp-json\/wp\/v2\/media?parent=27791"}],"wp:term":[{"taxonomy":"category","embeddable":true,"href":"https:\/\/radiostudiow.com.br\/site\/wp-json\/wp\/v2\/categories?post=27791"},{"taxonomy":"post_tag","embeddable":true,"href":"https:\/\/radiostudiow.com.br\/site\/wp-json\/wp\/v2\/tags?post=27791"}],"curies":[{"name":"wp","href":"https:\/\/api.w.org\/{rel}","templated":true}]}}