{"id":27794,"date":"2024-09-23T17:07:44","date_gmt":"2024-09-23T20:07:44","guid":{"rendered":"https:\/\/radiostudiow.com.br\/site\/?p=27794"},"modified":"2025-01-31T14:58:26","modified_gmt":"2025-01-31T17:58:26","slug":"homem-e-ferido-por-arma-de-fogo-em-porto-uniao","status":"publish","type":"post","link":"https:\/\/radiostudiow.com.br\/site\/2024\/09\/23\/homem-e-ferido-por-arma-de-fogo-em-porto-uniao\/","title":{"rendered":"Homem \u00e9 ferido por arma de fogo em Porto Uni\u00e3o"},"content":{"rendered":"\n<p>A guarni\u00e7\u00e3o do Corpo de Bombeiros de Porto Uni\u00e3o foi acionada para atender um homem de 25 anos que apresentava ferimentos por arma de fogo na Rua Padre Landeu de Moura, no bairro Jardim Oliveira por volta das 00:38 horas dessa segunda-feira (22).<\/p>\n\n\n\n<figure class=\"wp-block-image size-full\"><img loading=\"lazy\" decoding=\"async\" width=\"897\" height=\"204\" src=\"https:\/\/radiostudiow.com.br\/site\/wp-content\/uploads\/2024\/04\/image-38.png\" alt=\"\" class=\"wp-image-21308\" srcset=\"https:\/\/radiostudiow.com.br\/site\/wp-content\/uploads\/2024\/04\/image-38.png 897w, https:\/\/radiostudiow.com.br\/site\/wp-content\/uploads\/2024\/04\/image-38-300x68.png 300w, https:\/\/radiostudiow.com.br\/site\/wp-content\/uploads\/2024\/04\/image-38-768x175.png 768w\" sizes=\"auto, (max-width: 897px) 100vw, 897px\" \/><\/figure>\n\n\n\n<p>Ao chegarem ao local, os socorristas encontraram a v\u00edtima deambulando, consciente e orientado.\u00a0Ele apresentava uma perfura\u00e7\u00e3o na regi\u00e3o anterior do t\u00f3rax e outra no bra\u00e7o, pr\u00f3ximo \u00e0 axila.\u00a0A equipe realizou a limpeza dos ferimentos e os procedimentos protocolares de Atendimento Pr\u00e9-Hospitalar (APH), verificando os sinais vitais.<\/p>\n\n\n\n<p>Ap\u00f3s o atendimento inicial, o homem foi conduzido ao Hospital S\u00e3o Braz para receber cuidados m\u00e9dicos. No local, a Pol\u00edcia Militar de Porto Uni\u00e3o prestava apoio \u00e0 ocorr\u00eancia. A situa\u00e7\u00e3o ainda est\u00e1 sendo investigada.<\/p>\n","protected":false},"excerpt":{"rendered":"<p>A guarni\u00e7\u00e3o do Corpo de Bombeiros de Porto Uni\u00e3o foi acionada para atender um homem de 25 anos que apresentava ferimentos por arma de fogo na Rua Padre Landeu de Moura, no bairro Jardim Oliveira por volta das 00:38 horas dessa segunda-feira (22). Ao chegarem ao local, os socorristas encontraram a v\u00edtima deambulando, consciente e [&hellip;]<\/p>\n","protected":false},"author":2,"featured_media":21681,"comment_status":"open","ping_status":"open","sticky":false,"template":"","format":"standard","meta":{"footnotes":""},"categories":[2],"tags":[172],"class_list":["post-27794","post","type-post","status-publish","format-standard","has-post-thumbnail","hentry","category-policial","tag-featured"],"amp_enabled":true,"_links":{"self":[{"href":"https:\/\/radiostudiow.com.br\/site\/wp-json\/wp\/v2\/posts\/27794","targetHints":{"allow":["GET"]}}],"collection":[{"href":"https:\/\/radiostudiow.com.br\/site\/wp-json\/wp\/v2\/posts"}],"about":[{"href":"https:\/\/radiostudiow.com.br\/site\/wp-json\/wp\/v2\/types\/post"}],"author":[{"embeddable":true,"href":"https:\/\/radiostudiow.com.br\/site\/wp-json\/wp\/v2\/users\/2"}],"replies":[{"embeddable":true,"href":"https:\/\/radiostudiow.com.br\/site\/wp-json\/wp\/v2\/comments?post=27794"}],"version-history":[{"count":3,"href":"https:\/\/radiostudiow.com.br\/site\/wp-json\/wp\/v2\/posts\/27794\/revisions"}],"predecessor-version":[{"id":27811,"href":"https:\/\/radiostudiow.com.br\/site\/wp-json\/wp\/v2\/posts\/27794\/revisions\/27811"}],"wp:featuredmedia":[{"embeddable":true,"href":"https:\/\/radiostudiow.com.br\/site\/wp-json\/wp\/v2\/media\/21681"}],"wp:attachment":[{"href":"https:\/\/radiostudiow.com.br\/site\/wp-json\/wp\/v2\/media?parent=27794"}],"wp:term":[{"taxonomy":"category","embeddable":true,"href":"https:\/\/radiostudiow.com.br\/site\/wp-json\/wp\/v2\/categories?post=27794"},{"taxonomy":"post_tag","embeddable":true,"href":"https:\/\/radiostudiow.com.br\/site\/wp-json\/wp\/v2\/tags?post=27794"}],"curies":[{"name":"wp","href":"https:\/\/api.w.org\/{rel}","templated":true}]}}