{"id":27796,"date":"2024-09-23T16:43:38","date_gmt":"2024-09-23T19:43:38","guid":{"rendered":"https:\/\/radiostudiow.com.br\/site\/?p=27796"},"modified":"2025-01-31T14:58:26","modified_gmt":"2025-01-31T17:58:26","slug":"tentativa-de-homicidio-e-lesao-corporal-em-festa-no-interior-de-matos-costa","status":"publish","type":"post","link":"https:\/\/radiostudiow.com.br\/site\/2024\/09\/23\/tentativa-de-homicidio-e-lesao-corporal-em-festa-no-interior-de-matos-costa\/","title":{"rendered":"Tentativa de homic\u00eddio e les\u00e3o corporal em festa no interior de Matos Costa"},"content":{"rendered":"\n<p>A equipe da Pol\u00edcia Militar de Mato Costa foi acionada via WhatsApp, informando sobre uma briga entre homens, com feridos por arma branca. Ap\u00f3s uma confus\u00e3o envolveu agress\u00f5es e tentativa de homic\u00eddio durante uma festa no interior da cidade na tarde deste domingo (22).<\/p>\n\n\n\n<figure class=\"wp-block-image size-large is-resized\"><img decoding=\"async\" src=\"https:\/\/radiostudiow.com.br\/site\/wp-content\/uploads\/2024\/05\/86140-nacional-tv-coops-comunicacao-interna-pos-campanha-de-educacao-financeira-2024-1-1024x576.png\" alt=\"\" class=\"wp-image-23087\" style=\"width:600px;height:auto\"\/><\/figure>\n\n\n\n<p>As equipes da Pol\u00edcia Militar de Matos Costa, com o apoio de Porto Uni\u00e3o, deslocaram-se at\u00e9 o local. No entanto, ao chegar, a briga j\u00e1 havia terminado. Dois homens deram entrada no pronto atendimento com ferimentos causados \u200b\u200bpor faca.\u00a0Eles informaram \u00e0s autoridades que se feriram ao tentar separar a briga, um com um corte na m\u00e3o esquerda e o outro no bra\u00e7o. Posteriormente, o Corpo de Bombeiros encaminhou uma terceira v\u00edtima ao Hospital S\u00e3o Braz.<\/p>\n\n\n\n<p>O homem relatou ter sido agredido no p\u00e1tio da festa por dois indiv\u00edduos, um deles pai e filho.\u00a0Ele afirmou que ap\u00f3s a agress\u00e3o, os agressores tentaram mat\u00e1-lo com uma faca,\u00a0desferindo um golpe em seu peito.\u00a0Ap\u00f3s isso, os agressores fugiram do local. As Guarni\u00e7\u00f5es efetuaram rondas mas n\u00e3o conseguiram localizar o poss\u00edvel autor.<\/p>\n","protected":false},"excerpt":{"rendered":"<p>A equipe da Pol\u00edcia Militar de Mato Costa foi acionada via WhatsApp, informando sobre uma briga entre homens, com feridos por arma branca. Ap\u00f3s uma confus\u00e3o envolveu agress\u00f5es e tentativa de homic\u00eddio durante uma festa no interior da cidade na tarde deste domingo (22). As equipes da Pol\u00edcia Militar de Matos Costa, com o apoio [&hellip;]<\/p>\n","protected":false},"author":2,"featured_media":27487,"comment_status":"open","ping_status":"open","sticky":false,"template":"","format":"standard","meta":{"footnotes":""},"categories":[2],"tags":[172],"class_list":["post-27796","post","type-post","status-publish","format-standard","has-post-thumbnail","hentry","category-policial","tag-featured"],"amp_enabled":true,"_links":{"self":[{"href":"https:\/\/radiostudiow.com.br\/site\/wp-json\/wp\/v2\/posts\/27796","targetHints":{"allow":["GET"]}}],"collection":[{"href":"https:\/\/radiostudiow.com.br\/site\/wp-json\/wp\/v2\/posts"}],"about":[{"href":"https:\/\/radiostudiow.com.br\/site\/wp-json\/wp\/v2\/types\/post"}],"author":[{"embeddable":true,"href":"https:\/\/radiostudiow.com.br\/site\/wp-json\/wp\/v2\/users\/2"}],"replies":[{"embeddable":true,"href":"https:\/\/radiostudiow.com.br\/site\/wp-json\/wp\/v2\/comments?post=27796"}],"version-history":[{"count":2,"href":"https:\/\/radiostudiow.com.br\/site\/wp-json\/wp\/v2\/posts\/27796\/revisions"}],"predecessor-version":[{"id":27803,"href":"https:\/\/radiostudiow.com.br\/site\/wp-json\/wp\/v2\/posts\/27796\/revisions\/27803"}],"wp:featuredmedia":[{"embeddable":true,"href":"https:\/\/radiostudiow.com.br\/site\/wp-json\/wp\/v2\/media\/27487"}],"wp:attachment":[{"href":"https:\/\/radiostudiow.com.br\/site\/wp-json\/wp\/v2\/media?parent=27796"}],"wp:term":[{"taxonomy":"category","embeddable":true,"href":"https:\/\/radiostudiow.com.br\/site\/wp-json\/wp\/v2\/categories?post=27796"},{"taxonomy":"post_tag","embeddable":true,"href":"https:\/\/radiostudiow.com.br\/site\/wp-json\/wp\/v2\/tags?post=27796"}],"curies":[{"name":"wp","href":"https:\/\/api.w.org\/{rel}","templated":true}]}}