{"id":27885,"date":"2024-09-25T09:19:17","date_gmt":"2024-09-25T12:19:17","guid":{"rendered":"https:\/\/radiostudiow.com.br\/site\/?p=27885"},"modified":"2025-01-31T14:58:25","modified_gmt":"2025-01-31T17:58:25","slug":"pm-de-uniao-da-vitoria-cumprimento-demandado-de-judicial","status":"publish","type":"post","link":"https:\/\/radiostudiow.com.br\/site\/2024\/09\/25\/pm-de-uniao-da-vitoria-cumprimento-demandado-de-judicial\/","title":{"rendered":"PM de Uni\u00e3o da Vit\u00f3ria cumprimento demandado de judicial"},"content":{"rendered":"\n<p>A equipe da Pol\u00edcia Militar de Uni\u00e3o da Vit\u00f3ria em consulta aos sistemas tomou ci\u00eancia da exist\u00eancia de um mandado de pris\u00e3o contra um homem pela vara criminal da comarca de Porto Uni\u00e3o. A pris\u00e3o ocorre bessa segunda-feira (23).<\/p>\n\n\n\n<figure class=\"wp-block-image size-full\"><img loading=\"lazy\" decoding=\"async\" width=\"598\" height=\"204\" src=\"https:\/\/radiostudiow.com.br\/site\/wp-content\/uploads\/2024\/09\/AFUBRA.png\" alt=\"\" class=\"wp-image-27135\" srcset=\"https:\/\/radiostudiow.com.br\/site\/wp-content\/uploads\/2024\/09\/AFUBRA.png 598w, https:\/\/radiostudiow.com.br\/site\/wp-content\/uploads\/2024\/09\/AFUBRA-300x102.png 300w\" sizes=\"auto, (max-width: 598px) 100vw, 598px\" \/><\/figure>\n\n\n\n<p>Os pol\u00edciais se deslocaram at\u00e9 o endere\u00e7o indicado no mandado, no bairro Ouro Verde, por volta das 20:10 horas. Um homem recebeu a equipe no port\u00e3o da resid\u00eancia, se identificando como o suspeito, momento em que tomou ci\u00eancia do teor do mandado de pris\u00e3o.<\/p>\n\n\n\n<p>O autor recebeu voz de pris\u00e3o e posteriormente, conduzido at\u00e9 a unidade prisional avan\u00e7ada de Porto Uni\u00e3o\/SC onde foi entregue.<\/p>\n","protected":false},"excerpt":{"rendered":"<p>A equipe da Pol\u00edcia Militar de Uni\u00e3o da Vit\u00f3ria em consulta aos sistemas tomou ci\u00eancia da exist\u00eancia de um mandado de pris\u00e3o contra um homem pela vara criminal da comarca de Porto Uni\u00e3o. A pris\u00e3o ocorre bessa segunda-feira (23). Os pol\u00edciais se deslocaram at\u00e9 o endere\u00e7o indicado no mandado, no bairro Ouro Verde, por volta [&hellip;]<\/p>\n","protected":false},"author":2,"featured_media":20850,"comment_status":"open","ping_status":"open","sticky":false,"template":"","format":"standard","meta":{"footnotes":""},"categories":[2],"tags":[172],"class_list":["post-27885","post","type-post","status-publish","format-standard","has-post-thumbnail","hentry","category-policial","tag-featured"],"amp_enabled":true,"_links":{"self":[{"href":"https:\/\/radiostudiow.com.br\/site\/wp-json\/wp\/v2\/posts\/27885","targetHints":{"allow":["GET"]}}],"collection":[{"href":"https:\/\/radiostudiow.com.br\/site\/wp-json\/wp\/v2\/posts"}],"about":[{"href":"https:\/\/radiostudiow.com.br\/site\/wp-json\/wp\/v2\/types\/post"}],"author":[{"embeddable":true,"href":"https:\/\/radiostudiow.com.br\/site\/wp-json\/wp\/v2\/users\/2"}],"replies":[{"embeddable":true,"href":"https:\/\/radiostudiow.com.br\/site\/wp-json\/wp\/v2\/comments?post=27885"}],"version-history":[{"count":4,"href":"https:\/\/radiostudiow.com.br\/site\/wp-json\/wp\/v2\/posts\/27885\/revisions"}],"predecessor-version":[{"id":27927,"href":"https:\/\/radiostudiow.com.br\/site\/wp-json\/wp\/v2\/posts\/27885\/revisions\/27927"}],"wp:featuredmedia":[{"embeddable":true,"href":"https:\/\/radiostudiow.com.br\/site\/wp-json\/wp\/v2\/media\/20850"}],"wp:attachment":[{"href":"https:\/\/radiostudiow.com.br\/site\/wp-json\/wp\/v2\/media?parent=27885"}],"wp:term":[{"taxonomy":"category","embeddable":true,"href":"https:\/\/radiostudiow.com.br\/site\/wp-json\/wp\/v2\/categories?post=27885"},{"taxonomy":"post_tag","embeddable":true,"href":"https:\/\/radiostudiow.com.br\/site\/wp-json\/wp\/v2\/tags?post=27885"}],"curies":[{"name":"wp","href":"https:\/\/api.w.org\/{rel}","templated":true}]}}