{"id":27887,"date":"2024-09-24T13:16:15","date_gmt":"2024-09-24T16:16:15","guid":{"rendered":"https:\/\/radiostudiow.com.br\/site\/?p=27887"},"modified":"2025-01-31T14:58:25","modified_gmt":"2025-01-31T17:58:25","slug":"cinco-pessoas-da-mesma-familia-perderam-a-vida-em-grave-acidente-na-br-280-em-porto-uniao","status":"publish","type":"post","link":"https:\/\/radiostudiow.com.br\/site\/2024\/09\/24\/cinco-pessoas-da-mesma-familia-perderam-a-vida-em-grave-acidente-na-br-280-em-porto-uniao\/","title":{"rendered":"Cinco pessoas da mesma fam\u00edlia perderam a vida em grave acidente na BR-280 em Porto Uni\u00e3o"},"content":{"rendered":"\n<p>O Corpo de Bombeiros de Porto Uni\u00e3o divulgou atualiza\u00e7\u00f5es sobre o acidente ocorrido na manh\u00e3 desta ter\u00e7a-feira, 24 de setembro, em Porto Uni\u00e3o. Conforme informa\u00e7\u00f5es oficiais, um menino de apenas 6 anos \u00e9 uma das cinco pessoas que morreram no acidente que envolveu colis\u00e3o frontal entre carro e carreta.<\/p>\n\n\n\n<figure class=\"wp-block-image size-full\"><img loading=\"lazy\" decoding=\"async\" width=\"598\" height=\"204\" src=\"https:\/\/radiostudiow.com.br\/site\/wp-content\/uploads\/2024\/09\/AFUBRA.png\" alt=\"\" class=\"wp-image-27135\" srcset=\"https:\/\/radiostudiow.com.br\/site\/wp-content\/uploads\/2024\/09\/AFUBRA.png 598w, https:\/\/radiostudiow.com.br\/site\/wp-content\/uploads\/2024\/09\/AFUBRA-300x102.png 300w\" sizes=\"auto, (max-width: 598px) 100vw, 598px\" \/><\/figure>\n\n\n\n<p>As cinco pessoas que estavam no Ford Fiesta foram encontradas mortas pelos socorristas. No carro estava Macir Marios da Silva, 50 anos (condutor), Solizete Oldoni, 47 anos, Thais Helena Cardoso Borges de Lima, 28 anos (que estava gr\u00e1vida), Fernanda Marios da Silva, 24 anos, e Yago Samuel da Silva, apenas 6 anos.<\/p>\n\n\n\n<figure class=\"wp-block-image size-full is-resized\"><img loading=\"lazy\" decoding=\"async\" width=\"720\" height=\"905\" src=\"https:\/\/radiostudiow.com.br\/site\/wp-content\/uploads\/2024\/09\/45cf12ed-248c-42b6-be6d-8b260b90cbff-1.jpeg\" alt=\"\" class=\"wp-image-27906\" style=\"width:425px;height:auto\" srcset=\"https:\/\/radiostudiow.com.br\/site\/wp-content\/uploads\/2024\/09\/45cf12ed-248c-42b6-be6d-8b260b90cbff-1.jpeg 720w, https:\/\/radiostudiow.com.br\/site\/wp-content\/uploads\/2024\/09\/45cf12ed-248c-42b6-be6d-8b260b90cbff-1-239x300.jpeg 239w\" sizes=\"auto, (max-width: 720px) 100vw, 720px\" \/><\/figure>\n\n\n\n<figure class=\"wp-block-image size-full is-resized\"><img loading=\"lazy\" decoding=\"async\" width=\"720\" height=\"643\" src=\"https:\/\/radiostudiow.com.br\/site\/wp-content\/uploads\/2024\/09\/98994193-1afd-417b-84a6-86f3a8f1c5ae-1.jpeg\" alt=\"\" class=\"wp-image-27907\" style=\"width:424px;height:auto\" srcset=\"https:\/\/radiostudiow.com.br\/site\/wp-content\/uploads\/2024\/09\/98994193-1afd-417b-84a6-86f3a8f1c5ae-1.jpeg 720w, https:\/\/radiostudiow.com.br\/site\/wp-content\/uploads\/2024\/09\/98994193-1afd-417b-84a6-86f3a8f1c5ae-1-300x268.jpeg 300w\" sizes=\"auto, (max-width: 720px) 100vw, 720px\" \/><\/figure>\n\n\n\n<figure class=\"wp-block-image size-large is-resized\"><img loading=\"lazy\" decoding=\"async\" width=\"525\" height=\"1024\" src=\"https:\/\/radiostudiow.com.br\/site\/wp-content\/uploads\/2024\/09\/fb323b18-2283-418f-862b-d40a63665184-525x1024.jpeg\" alt=\"\" class=\"wp-image-27903\" style=\"width:423px;height:auto\" srcset=\"https:\/\/radiostudiow.com.br\/site\/wp-content\/uploads\/2024\/09\/fb323b18-2283-418f-862b-d40a63665184-525x1024.jpeg 525w, https:\/\/radiostudiow.com.br\/site\/wp-content\/uploads\/2024\/09\/fb323b18-2283-418f-862b-d40a63665184-154x300.jpeg 154w, https:\/\/radiostudiow.com.br\/site\/wp-content\/uploads\/2024\/09\/fb323b18-2283-418f-862b-d40a63665184.jpeg 720w\" sizes=\"auto, (max-width: 525px) 100vw, 525px\" \/><\/figure>\n\n\n\n<p>O motorista de 27 anos que dirigia a carreta envolvida, n\u00e3o teve ferimentos e permaneceu no local para esclarecimentos \u00e0s equipes da Pol\u00edcia Rodovi\u00e1ria Federal. O ve\u00edculo tinha placas de Matos Costa.<\/p>\n\n\n\n<p>No local, estava um homem de 24 anos, informando que era parente das v\u00edtimas, mas que n\u00e3o havia se envolvido no acidente. Informou que estava vindo da praia com seus familiares em dois ve\u00edculos, mas que pr\u00f3ximo ao munic\u00edpio de Tr\u00eas Barras, o seu carro acabou apresentando problemas mec\u00e2nicos e ele teve que acionar um guincho.<\/p>\n\n\n\n<figure class=\"wp-block-gallery has-nested-images columns-default is-cropped wp-block-gallery-1 is-layout-flex wp-block-gallery-is-layout-flex\">\n<figure class=\"wp-block-image size-large\"><img loading=\"lazy\" decoding=\"async\" width=\"720\" height=\"539\" data-id=\"27901\" src=\"https:\/\/radiostudiow.com.br\/site\/wp-content\/uploads\/2024\/09\/7ad2f305-b19b-4444-88b0-8eb95df5ed80.jpeg\" alt=\"\" class=\"wp-image-27901\" srcset=\"https:\/\/radiostudiow.com.br\/site\/wp-content\/uploads\/2024\/09\/7ad2f305-b19b-4444-88b0-8eb95df5ed80.jpeg 720w, https:\/\/radiostudiow.com.br\/site\/wp-content\/uploads\/2024\/09\/7ad2f305-b19b-4444-88b0-8eb95df5ed80-300x225.jpeg 300w\" sizes=\"auto, (max-width: 720px) 100vw, 720px\" \/><\/figure>\n\n\n\n<figure class=\"wp-block-image size-large\"><img loading=\"lazy\" decoding=\"async\" width=\"720\" height=\"426\" data-id=\"27900\" src=\"https:\/\/radiostudiow.com.br\/site\/wp-content\/uploads\/2024\/09\/35c6e7e9-985d-4a28-b46c-11e6c1b6c50e.jpeg\" alt=\"\" class=\"wp-image-27900\" srcset=\"https:\/\/radiostudiow.com.br\/site\/wp-content\/uploads\/2024\/09\/35c6e7e9-985d-4a28-b46c-11e6c1b6c50e.jpeg 720w, https:\/\/radiostudiow.com.br\/site\/wp-content\/uploads\/2024\/09\/35c6e7e9-985d-4a28-b46c-11e6c1b6c50e-300x178.jpeg 300w\" sizes=\"auto, (max-width: 720px) 100vw, 720px\" \/><\/figure>\n<\/figure>\n\n\n\n<p>Ao passar pelo local do acidente, o rapaz identificou o ve\u00edculo como sendo de seus familiares. Ele tamb\u00e9m recebeu atendimento m\u00e9dico dos socorristas presentes no local devido ao estado emocional abalado.<\/p>\n\n\n\n<p>A Pol\u00edcia Rodovi\u00e1ria Federal e a Pol\u00edcia Cient\u00edfica foram acionadas para prestar atendimento no local.<\/p>\n\n\n\n<figure class=\"wp-block-image size-full is-resized\"><img loading=\"lazy\" decoding=\"async\" width=\"900\" height=\"408\" src=\"https:\/\/radiostudiow.com.br\/site\/wp-content\/uploads\/2024\/08\/image-64.png\" alt=\"\" class=\"wp-image-26531\" style=\"width:559px;height:auto\" srcset=\"https:\/\/radiostudiow.com.br\/site\/wp-content\/uploads\/2024\/08\/image-64.png 900w, https:\/\/radiostudiow.com.br\/site\/wp-content\/uploads\/2024\/08\/image-64-300x136.png 300w, https:\/\/radiostudiow.com.br\/site\/wp-content\/uploads\/2024\/08\/image-64-768x348.png 768w\" sizes=\"auto, (max-width: 900px) 100vw, 900px\" \/><\/figure>\n\n\n\n<p><\/p>\n","protected":false},"excerpt":{"rendered":"<p>O Corpo de Bombeiros de Porto Uni\u00e3o divulgou atualiza\u00e7\u00f5es sobre o acidente ocorrido na manh\u00e3 desta ter\u00e7a-feira, 24 de setembro, em Porto Uni\u00e3o. Conforme informa\u00e7\u00f5es oficiais, um menino de apenas 6 anos \u00e9 uma das cinco pessoas que morreram no acidente que envolveu colis\u00e3o frontal entre carro e carreta. As cinco pessoas que estavam no [&hellip;]<\/p>\n","protected":false},"author":2,"featured_media":27902,"comment_status":"open","ping_status":"open","sticky":false,"template":"","format":"standard","meta":{"footnotes":""},"categories":[185],"tags":[172],"class_list":["post-27887","post","type-post","status-publish","format-standard","has-post-thumbnail","hentry","category-regional","tag-featured"],"amp_enabled":true,"_links":{"self":[{"href":"https:\/\/radiostudiow.com.br\/site\/wp-json\/wp\/v2\/posts\/27887","targetHints":{"allow":["GET"]}}],"collection":[{"href":"https:\/\/radiostudiow.com.br\/site\/wp-json\/wp\/v2\/posts"}],"about":[{"href":"https:\/\/radiostudiow.com.br\/site\/wp-json\/wp\/v2\/types\/post"}],"author":[{"embeddable":true,"href":"https:\/\/radiostudiow.com.br\/site\/wp-json\/wp\/v2\/users\/2"}],"replies":[{"embeddable":true,"href":"https:\/\/radiostudiow.com.br\/site\/wp-json\/wp\/v2\/comments?post=27887"}],"version-history":[{"count":5,"href":"https:\/\/radiostudiow.com.br\/site\/wp-json\/wp\/v2\/posts\/27887\/revisions"}],"predecessor-version":[{"id":27908,"href":"https:\/\/radiostudiow.com.br\/site\/wp-json\/wp\/v2\/posts\/27887\/revisions\/27908"}],"wp:featuredmedia":[{"embeddable":true,"href":"https:\/\/radiostudiow.com.br\/site\/wp-json\/wp\/v2\/media\/27902"}],"wp:attachment":[{"href":"https:\/\/radiostudiow.com.br\/site\/wp-json\/wp\/v2\/media?parent=27887"}],"wp:term":[{"taxonomy":"category","embeddable":true,"href":"https:\/\/radiostudiow.com.br\/site\/wp-json\/wp\/v2\/categories?post=27887"},{"taxonomy":"post_tag","embeddable":true,"href":"https:\/\/radiostudiow.com.br\/site\/wp-json\/wp\/v2\/tags?post=27887"}],"curies":[{"name":"wp","href":"https:\/\/api.w.org\/{rel}","templated":true}]}}