{"id":27915,"date":"2024-09-25T09:21:53","date_gmt":"2024-09-25T12:21:53","guid":{"rendered":"https:\/\/radiostudiow.com.br\/site\/?p=27915"},"modified":"2025-01-31T14:58:25","modified_gmt":"2025-01-31T17:58:25","slug":"vitima-procura-policia-apos-primo-furtar-sua-motocicleta-em-cruz-machado","status":"publish","type":"post","link":"https:\/\/radiostudiow.com.br\/site\/2024\/09\/25\/vitima-procura-policia-apos-primo-furtar-sua-motocicleta-em-cruz-machado\/","title":{"rendered":"V\u00edtima procura pol\u00edcia ap\u00f3s primo furtar sua motocicleta em Cruz Machado"},"content":{"rendered":"\n<p>Um senhor compareceu ao pelot\u00e3o de Policia Militar de Cruz Machado por volta das 08:20 horas dessa segunda-feira, 23 de setembro, para relatar uma situa\u00e7\u00e3o de furto.<\/p>\n\n\n\n<p>De acordo com o solicitante, sua motocicleta Honda\/CG 150 Titan, cor preta, foi furtada por seu primo, o qual adentrou em sua resid\u00eancia, subtraiu o ve\u00edculo e seguiu rumo indeterminado.<\/p>\n\n\n\n<figure class=\"wp-block-image size-full\"><img decoding=\"async\" src=\"https:\/\/radiostudiow.com.br\/site\/wp-content\/uploads\/2024\/04\/SITE-MEDIO.png\" alt=\"\" class=\"wp-image-21854\"\/><\/figure>\n\n\n\n<p>A v\u00edtima relatou que n\u00e3o tem suspeitas para o local que tenha levado o ve\u00edculo, e ainda completou que possivelmente para trocar por drogas.<\/p>\n\n\n\n<p>Diante da situa\u00e7\u00e3o a v\u00edtima foi orientada para os procedimentos cab\u00edveis.<\/p>\n","protected":false},"excerpt":{"rendered":"<p>Um senhor compareceu ao pelot\u00e3o de Policia Militar de Cruz Machado por volta das 08:20 horas dessa segunda-feira, 23 de setembro, para relatar uma situa\u00e7\u00e3o de furto. De acordo com o solicitante, sua motocicleta Honda\/CG 150 Titan, cor preta, foi furtada por seu primo, o qual adentrou em sua resid\u00eancia, subtraiu o ve\u00edculo e seguiu [&hellip;]<\/p>\n","protected":false},"author":2,"featured_media":15416,"comment_status":"open","ping_status":"open","sticky":false,"template":"","format":"standard","meta":{"footnotes":""},"categories":[2],"tags":[172],"class_list":["post-27915","post","type-post","status-publish","format-standard","has-post-thumbnail","hentry","category-policial","tag-featured"],"amp_enabled":true,"_links":{"self":[{"href":"https:\/\/radiostudiow.com.br\/site\/wp-json\/wp\/v2\/posts\/27915","targetHints":{"allow":["GET"]}}],"collection":[{"href":"https:\/\/radiostudiow.com.br\/site\/wp-json\/wp\/v2\/posts"}],"about":[{"href":"https:\/\/radiostudiow.com.br\/site\/wp-json\/wp\/v2\/types\/post"}],"author":[{"embeddable":true,"href":"https:\/\/radiostudiow.com.br\/site\/wp-json\/wp\/v2\/users\/2"}],"replies":[{"embeddable":true,"href":"https:\/\/radiostudiow.com.br\/site\/wp-json\/wp\/v2\/comments?post=27915"}],"version-history":[{"count":3,"href":"https:\/\/radiostudiow.com.br\/site\/wp-json\/wp\/v2\/posts\/27915\/revisions"}],"predecessor-version":[{"id":27922,"href":"https:\/\/radiostudiow.com.br\/site\/wp-json\/wp\/v2\/posts\/27915\/revisions\/27922"}],"wp:featuredmedia":[{"embeddable":true,"href":"https:\/\/radiostudiow.com.br\/site\/wp-json\/wp\/v2\/media\/15416"}],"wp:attachment":[{"href":"https:\/\/radiostudiow.com.br\/site\/wp-json\/wp\/v2\/media?parent=27915"}],"wp:term":[{"taxonomy":"category","embeddable":true,"href":"https:\/\/radiostudiow.com.br\/site\/wp-json\/wp\/v2\/categories?post=27915"},{"taxonomy":"post_tag","embeddable":true,"href":"https:\/\/radiostudiow.com.br\/site\/wp-json\/wp\/v2\/tags?post=27915"}],"curies":[{"name":"wp","href":"https:\/\/api.w.org\/{rel}","templated":true}]}}