{"id":2792,"date":"2021-07-06T15:27:55","date_gmt":"2021-07-06T18:27:55","guid":{"rendered":"https:\/\/radiostudiow.com.br\/site\/?p=2792"},"modified":"2025-01-15T11:55:52","modified_gmt":"2025-01-15T14:55:52","slug":"homem-e-apreendido-apos-desacato-em-paulo-frontin","status":"publish","type":"post","link":"https:\/\/radiostudiow.com.br\/site\/2021\/07\/06\/homem-e-apreendido-apos-desacato-em-paulo-frontin\/","title":{"rendered":"Homem \u00e9 apreendido ap\u00f3s desacato em Paulo Frontin"},"content":{"rendered":"\n<p>A equipe da Pol\u00edcia Militar de Paulo Frontin foi acionada para se deslocar at\u00e9 um estabelecimento comercial na Rua Rui Barbosa durante uma situa\u00e7\u00e3o de Perturba\u00e7\u00e3o do sossego por volta das 20:18 horas deste domingo (04).<\/p>\n\n\n\n<p>Os policiais se deslocaram at\u00e9 o local, onde a propriet\u00e1ria da lanchonete afirmou que havia solicitado para uma orienta\u00e7\u00e3o. Ela afirmou que havia um grupo de pessoas no local e estavam com uma caixa de som com volume excessivamente alto no local, atrapalhando o funcionamento do estabelecimento.<\/p>\n\n\n\n<p>Diante da orienta\u00e7\u00e3o um homem passou a indagar os policiais pelo motivo da abordagem, ap\u00f3s as respostas para as suas d\u00favidas o homem passou a tumultuar o fim da orienta\u00e7\u00e3o com ofensas de baixo cal\u00e3o aos militares.<\/p>\n\n\n\n<p>Diante da situa\u00e7\u00e3o a Pol\u00edcia Militar de Paulo Frontin conduziu o autor at\u00e9 a 10\u00ba DRP de Mallet.<\/p>\n\n\n\n<figure class=\"wp-block-image size-large\"><img decoding=\"async\" src=\"https:\/\/radiostudiow.com.br\/site\/wp-content\/uploads\/2021\/06\/NUTRI-MALLET.jpg\" alt=\"\" class=\"wp-image-2504\"\/><\/figure>\n","protected":false},"excerpt":{"rendered":"<p>A equipe da Pol\u00edcia Militar de Paulo Frontin foi acionada para se deslocar at\u00e9 um estabelecimento comercial na Rua Rui Barbosa durante uma situa\u00e7\u00e3o de Perturba\u00e7\u00e3o do sossego por volta das 20:18 horas deste domingo (04). Os policiais se deslocaram at\u00e9 o local, onde a propriet\u00e1ria da lanchonete afirmou que havia solicitado para uma orienta\u00e7\u00e3o. [&hellip;]<\/p>\n","protected":false},"author":2,"featured_media":1357,"comment_status":"open","ping_status":"open","sticky":false,"template":"","format":"standard","meta":{"footnotes":""},"categories":[2],"tags":[172],"class_list":["post-2792","post","type-post","status-publish","format-standard","has-post-thumbnail","hentry","category-policial","tag-featured"],"amp_enabled":true,"_links":{"self":[{"href":"https:\/\/radiostudiow.com.br\/site\/wp-json\/wp\/v2\/posts\/2792","targetHints":{"allow":["GET"]}}],"collection":[{"href":"https:\/\/radiostudiow.com.br\/site\/wp-json\/wp\/v2\/posts"}],"about":[{"href":"https:\/\/radiostudiow.com.br\/site\/wp-json\/wp\/v2\/types\/post"}],"author":[{"embeddable":true,"href":"https:\/\/radiostudiow.com.br\/site\/wp-json\/wp\/v2\/users\/2"}],"replies":[{"embeddable":true,"href":"https:\/\/radiostudiow.com.br\/site\/wp-json\/wp\/v2\/comments?post=2792"}],"version-history":[{"count":1,"href":"https:\/\/radiostudiow.com.br\/site\/wp-json\/wp\/v2\/posts\/2792\/revisions"}],"predecessor-version":[{"id":2793,"href":"https:\/\/radiostudiow.com.br\/site\/wp-json\/wp\/v2\/posts\/2792\/revisions\/2793"}],"wp:featuredmedia":[{"embeddable":true,"href":"https:\/\/radiostudiow.com.br\/site\/wp-json\/wp\/v2\/media\/1357"}],"wp:attachment":[{"href":"https:\/\/radiostudiow.com.br\/site\/wp-json\/wp\/v2\/media?parent=2792"}],"wp:term":[{"taxonomy":"category","embeddable":true,"href":"https:\/\/radiostudiow.com.br\/site\/wp-json\/wp\/v2\/categories?post=2792"},{"taxonomy":"post_tag","embeddable":true,"href":"https:\/\/radiostudiow.com.br\/site\/wp-json\/wp\/v2\/tags?post=2792"}],"curies":[{"name":"wp","href":"https:\/\/api.w.org\/{rel}","templated":true}]}}