{"id":27933,"date":"2024-09-25T09:29:20","date_gmt":"2024-09-25T12:29:20","guid":{"rendered":"https:\/\/radiostudiow.com.br\/site\/?p=27933"},"modified":"2025-01-31T14:58:25","modified_gmt":"2025-01-31T17:58:25","slug":"boletim-semanal-da-dengue-confirma-mais-276-casos-da-doenca-no-parana","status":"publish","type":"post","link":"https:\/\/radiostudiow.com.br\/site\/2024\/09\/25\/boletim-semanal-da-dengue-confirma-mais-276-casos-da-doenca-no-parana\/","title":{"rendered":"Boletim semanal da dengue confirma mais 276 casos da doen\u00e7a no Paran\u00e1"},"content":{"rendered":"\n<p>A Secretaria de Estado da Sa\u00fade (Sesa), por meio da Coordenadoria Estadual de Vigil\u00e2ncia Ambiental, publicou nesta ter\u00e7a-feira (24) o novo informe semanal da dengue. Foram registrados mais 276 casos da doen\u00e7a sem nenhum \u00f3bito na \u00faltima semana. Somados os dados do novo per\u00edodo epidemiol\u00f3gico, iniciado em 28 de julho de 2024, o Paran\u00e1 registra 14.755 notifica\u00e7\u00f5es e 1.927 casos confirmados, sem mortes.<\/p>\n\n\n\n<p>No total, 325 munic\u00edpios j\u00e1 apresentaram notifica\u00e7\u00f5es da doen\u00e7a, que \u00e9 transmitida pelo mosquito Aedes aegypti, e 200 possuem casos confirmados.<\/p>\n\n\n\n<figure class=\"wp-block-image size-large is-resized\"><img decoding=\"async\" src=\"https:\/\/radiostudiow.com.br\/site\/wp-content\/uploads\/2024\/05\/LABIRATI-1024x1024.png\" alt=\"\" class=\"wp-image-22265\" style=\"width:335px;height:auto\"\/><\/figure>\n\n\n\n<p><em>Paran\u00e1 inicia processo de substitui\u00e7\u00e3o da vacina oral contra a p\u00f3lio pela injet\u00e1vel<\/em><\/p>\n\n\n\n<p><strong>OUTRAS ARBOVIROSES&nbsp;<\/strong>\u2013&nbsp;Informa\u00e7\u00f5es sobre chikungunya e zika, doen\u00e7as tamb\u00e9m transmitidas pelo mosquito Aedes aegypti, constam nesse mesmo documento. Neste per\u00edodo foram confirmados quatro casos de chikungunya, sendo registradas 114 notifica\u00e7\u00f5es da doen\u00e7a no Estado. Com rela\u00e7\u00e3o ao zika v\u00edrus, at\u00e9 o momento ocorreram quatro&nbsp;notifica\u00e7\u00f5es.<\/p>\n\n\n\n<p>Confira o Boletim Semanal completo\u00a0<a href=\"https:\/\/www.documentador.pr.gov.br\/documentador\/pub.do?action=d&amp;uuid=@gtf-escriba-sesa@40ad64f7-1b50-4072-b44e-6dd196f1cda5&amp;emPg=true\" target=\"_blank\" rel=\"noreferrer noopener\">AQUI.<\/a>\u00a0Mais informa\u00e7\u00f5es sobre a dengue est\u00e3o neste\u00a0<a href=\"https:\/\/www.dengue.pr.gov.br\/Pagina\/Boletins-da-Dengue\" target=\"_blank\" rel=\"noreferrer noopener\">LINK<\/a>.<\/p>\n","protected":false},"excerpt":{"rendered":"<p>A Secretaria de Estado da Sa\u00fade (Sesa), por meio da Coordenadoria Estadual de Vigil\u00e2ncia Ambiental, publicou nesta ter\u00e7a-feira (24) o novo informe semanal da dengue. Foram registrados mais 276 casos da doen\u00e7a sem nenhum \u00f3bito na \u00faltima semana. Somados os dados do novo per\u00edodo epidemiol\u00f3gico, iniciado em 28 de julho de 2024, o Paran\u00e1 registra [&hellip;]<\/p>\n","protected":false},"author":2,"featured_media":23432,"comment_status":"open","ping_status":"open","sticky":false,"template":"","format":"standard","meta":{"footnotes":""},"categories":[182],"tags":[172],"class_list":["post-27933","post","type-post","status-publish","format-standard","has-post-thumbnail","hentry","category-saude","tag-featured"],"amp_enabled":true,"_links":{"self":[{"href":"https:\/\/radiostudiow.com.br\/site\/wp-json\/wp\/v2\/posts\/27933","targetHints":{"allow":["GET"]}}],"collection":[{"href":"https:\/\/radiostudiow.com.br\/site\/wp-json\/wp\/v2\/posts"}],"about":[{"href":"https:\/\/radiostudiow.com.br\/site\/wp-json\/wp\/v2\/types\/post"}],"author":[{"embeddable":true,"href":"https:\/\/radiostudiow.com.br\/site\/wp-json\/wp\/v2\/users\/2"}],"replies":[{"embeddable":true,"href":"https:\/\/radiostudiow.com.br\/site\/wp-json\/wp\/v2\/comments?post=27933"}],"version-history":[{"count":1,"href":"https:\/\/radiostudiow.com.br\/site\/wp-json\/wp\/v2\/posts\/27933\/revisions"}],"predecessor-version":[{"id":27934,"href":"https:\/\/radiostudiow.com.br\/site\/wp-json\/wp\/v2\/posts\/27933\/revisions\/27934"}],"wp:featuredmedia":[{"embeddable":true,"href":"https:\/\/radiostudiow.com.br\/site\/wp-json\/wp\/v2\/media\/23432"}],"wp:attachment":[{"href":"https:\/\/radiostudiow.com.br\/site\/wp-json\/wp\/v2\/media?parent=27933"}],"wp:term":[{"taxonomy":"category","embeddable":true,"href":"https:\/\/radiostudiow.com.br\/site\/wp-json\/wp\/v2\/categories?post=27933"},{"taxonomy":"post_tag","embeddable":true,"href":"https:\/\/radiostudiow.com.br\/site\/wp-json\/wp\/v2\/tags?post=27933"}],"curies":[{"name":"wp","href":"https:\/\/api.w.org\/{rel}","templated":true}]}}