{"id":27939,"date":"2024-09-25T09:49:06","date_gmt":"2024-09-25T12:49:06","guid":{"rendered":"https:\/\/radiostudiow.com.br\/site\/?p=27939"},"modified":"2025-01-31T14:58:25","modified_gmt":"2025-01-31T17:58:25","slug":"policia-militar-apreende-arma-apos-perseguicao-em-uniao-da-vitoria","status":"publish","type":"post","link":"https:\/\/radiostudiow.com.br\/site\/2024\/09\/25\/policia-militar-apreende-arma-apos-perseguicao-em-uniao-da-vitoria\/","title":{"rendered":"Pol\u00edcia Militar apreende arma ap\u00f3s persegui\u00e7\u00e3o em Uni\u00e3o da Vit\u00f3ria"},"content":{"rendered":"\n<p>Durante patrulhamento da equipe da Pol\u00edcia Militar na \u00e1rea central de Uni\u00e3o da Vit\u00f3ria por volta das 00:10 horas desta ter\u00e7a-feira (24), avistou um VW\/Gol prata com uma carretinha, que transitava em alta velocidade.&nbsp;As madeiras na carretinha estavam se movendo e caindo na via p\u00fablica, representando risco para outros ve\u00edculos e pedestres.<\/p>\n\n\n\n<figure class=\"wp-block-image size-full\"><img decoding=\"async\" src=\"https:\/\/radiostudiow.com.br\/site\/wp-content\/uploads\/2024\/04\/image-58.png\" alt=\"\" class=\"wp-image-21416\"\/><\/figure>\n\n\n\n<p>A equipe decidiu abordar o ve\u00edculo, que entrou em uma estrada de terra com muitos buracos e lama, o que for\u00e7ou o condutor a parar.&nbsp;Ao sair do carro, o homem foi visto jogando uma jaqueta. Durante a revista, foi encontrada uma arma de fogo da marca Taurus, calibre .32 em um bolso interno.<\/p>\n\n\n\n<p>Diante da situa\u00e7\u00e3o, o suspeito tentou fugir, mas outras equipes policiais conseguiram captur\u00e1-lo. Ele foi levado primeiro ao Pronto Atendimento e, em seguida, para a 4\u00aa Subdivis\u00e3o Policial (SDP) para as devidas provid\u00eancias.<\/p>\n","protected":false},"excerpt":{"rendered":"<p>Durante patrulhamento da equipe da Pol\u00edcia Militar na \u00e1rea central de Uni\u00e3o da Vit\u00f3ria por volta das 00:10 horas desta ter\u00e7a-feira (24), avistou um VW\/Gol prata com uma carretinha, que transitava em alta velocidade.&nbsp;As madeiras na carretinha estavam se movendo e caindo na via p\u00fablica, representando risco para outros ve\u00edculos e pedestres. A equipe decidiu [&hellip;]<\/p>\n","protected":false},"author":2,"featured_media":27941,"comment_status":"open","ping_status":"open","sticky":false,"template":"","format":"standard","meta":{"footnotes":""},"categories":[2],"tags":[172],"class_list":["post-27939","post","type-post","status-publish","format-standard","has-post-thumbnail","hentry","category-policial","tag-featured"],"amp_enabled":true,"_links":{"self":[{"href":"https:\/\/radiostudiow.com.br\/site\/wp-json\/wp\/v2\/posts\/27939","targetHints":{"allow":["GET"]}}],"collection":[{"href":"https:\/\/radiostudiow.com.br\/site\/wp-json\/wp\/v2\/posts"}],"about":[{"href":"https:\/\/radiostudiow.com.br\/site\/wp-json\/wp\/v2\/types\/post"}],"author":[{"embeddable":true,"href":"https:\/\/radiostudiow.com.br\/site\/wp-json\/wp\/v2\/users\/2"}],"replies":[{"embeddable":true,"href":"https:\/\/radiostudiow.com.br\/site\/wp-json\/wp\/v2\/comments?post=27939"}],"version-history":[{"count":1,"href":"https:\/\/radiostudiow.com.br\/site\/wp-json\/wp\/v2\/posts\/27939\/revisions"}],"predecessor-version":[{"id":27942,"href":"https:\/\/radiostudiow.com.br\/site\/wp-json\/wp\/v2\/posts\/27939\/revisions\/27942"}],"wp:featuredmedia":[{"embeddable":true,"href":"https:\/\/radiostudiow.com.br\/site\/wp-json\/wp\/v2\/media\/27941"}],"wp:attachment":[{"href":"https:\/\/radiostudiow.com.br\/site\/wp-json\/wp\/v2\/media?parent=27939"}],"wp:term":[{"taxonomy":"category","embeddable":true,"href":"https:\/\/radiostudiow.com.br\/site\/wp-json\/wp\/v2\/categories?post=27939"},{"taxonomy":"post_tag","embeddable":true,"href":"https:\/\/radiostudiow.com.br\/site\/wp-json\/wp\/v2\/tags?post=27939"}],"curies":[{"name":"wp","href":"https:\/\/api.w.org\/{rel}","templated":true}]}}