{"id":27946,"date":"2024-09-26T09:20:58","date_gmt":"2024-09-26T12:20:58","guid":{"rendered":"https:\/\/radiostudiow.com.br\/site\/?p=27946"},"modified":"2025-01-31T14:58:25","modified_gmt":"2025-01-31T17:58:25","slug":"caminhao-carregado-de-veneno-agricola-teve-principio-de-incendio-na-br-153","status":"publish","type":"post","link":"https:\/\/radiostudiow.com.br\/site\/2024\/09\/26\/caminhao-carregado-de-veneno-agricola-teve-principio-de-incendio-na-br-153\/","title":{"rendered":"Caminh\u00e3o carregado de veneno agr\u00edcola teve princ\u00edpio de inc\u00eandio na BR-153"},"content":{"rendered":"\n<p>Uma carreta carregada com veneno agr\u00edcola sofreu um princ\u00edpio de inc\u00eandio no Km 489 da BR-153, em cima do viaduto de acesso a General Carneiro por volta das 20:30 horas desta ter\u00e7a-feira (24). O incidente ocorreu quando o sistema de freios do ve\u00edculo superaqueceu, causando o in\u00edcio das chamas.<\/p>\n\n\n\n<figure class=\"wp-block-image size-full\"><img decoding=\"async\" src=\"https:\/\/radiostudiow.com.br\/site\/wp-content\/uploads\/2024\/04\/SITE-MEDIO.png\" alt=\"\" class=\"wp-image-21854\"\/><\/figure>\n\n\n\n<p>A carreta transportava uma carga altamente perigosa, contendo produtos qu\u00edmicos utilizados na agricultura. Inclusive os saqueadores j\u00e1 estavam no local tentando saquear a carga, por\u00e9m, a PM prestou apoio e evitou os saque.<\/p>\n\n\n\n<p>Felizmente, o motorista conseguiu identificar o problema rapidamente e acionou o Corpo de Bombeiros de General Carneiro, que foi imediatamente ao local, al\u00e9m de outros condutores que ajudaram a controlar as chamas.<\/p>\n\n\n\n<figure class=\"wp-block-image size-full\"><img loading=\"lazy\" decoding=\"async\" width=\"897\" height=\"204\" src=\"https:\/\/radiostudiow.com.br\/site\/wp-content\/uploads\/2024\/04\/image-51.png\" alt=\"\" class=\"wp-image-21370\" srcset=\"https:\/\/radiostudiow.com.br\/site\/wp-content\/uploads\/2024\/04\/image-51.png 897w, https:\/\/radiostudiow.com.br\/site\/wp-content\/uploads\/2024\/04\/image-51-300x68.png 300w, https:\/\/radiostudiow.com.br\/site\/wp-content\/uploads\/2024\/04\/image-51-768x175.png 768w\" sizes=\"auto, (max-width: 897px) 100vw, 897px\" \/><\/figure>\n\n\n\n<p>O princ\u00edpio de inc\u00eandio foi controlado antes que as chamas se espalhassem para a carga de veneno agr\u00edcola, o que poderia ter causado um acidente ambiental de grandes propor\u00e7\u00f5es.<\/p>\n\n\n\n<p>Apesar do susto, n\u00e3o houve v\u00edtimas, e a via foi parcialmente interditada por algumas horas para a remo\u00e7\u00e3o do ve\u00edculo e inspe\u00e7\u00e3o do local.<\/p>\n\n\n\n<figure class=\"wp-block-video\"><video controls src=\"https:\/\/radiostudiow.com.br\/site\/wp-content\/uploads\/2024\/09\/WhatsApp-Video-2024-09-24-at-20.56.14.mp4\"><\/video><\/figure>\n","protected":false},"excerpt":{"rendered":"<p>Uma carreta carregada com veneno agr\u00edcola sofreu um princ\u00edpio de inc\u00eandio no Km 489 da BR-153, em cima do viaduto de acesso a General Carneiro por volta das 20:30 horas desta ter\u00e7a-feira (24). O incidente ocorreu quando o sistema de freios do ve\u00edculo superaqueceu, causando o in\u00edcio das chamas. A carreta transportava uma carga altamente [&hellip;]<\/p>\n","protected":false},"author":2,"featured_media":28004,"comment_status":"open","ping_status":"open","sticky":false,"template":"","format":"standard","meta":{"footnotes":""},"categories":[185],"tags":[172],"class_list":["post-27946","post","type-post","status-publish","format-standard","has-post-thumbnail","hentry","category-regional","tag-featured"],"amp_enabled":true,"_links":{"self":[{"href":"https:\/\/radiostudiow.com.br\/site\/wp-json\/wp\/v2\/posts\/27946","targetHints":{"allow":["GET"]}}],"collection":[{"href":"https:\/\/radiostudiow.com.br\/site\/wp-json\/wp\/v2\/posts"}],"about":[{"href":"https:\/\/radiostudiow.com.br\/site\/wp-json\/wp\/v2\/types\/post"}],"author":[{"embeddable":true,"href":"https:\/\/radiostudiow.com.br\/site\/wp-json\/wp\/v2\/users\/2"}],"replies":[{"embeddable":true,"href":"https:\/\/radiostudiow.com.br\/site\/wp-json\/wp\/v2\/comments?post=27946"}],"version-history":[{"count":3,"href":"https:\/\/radiostudiow.com.br\/site\/wp-json\/wp\/v2\/posts\/27946\/revisions"}],"predecessor-version":[{"id":28006,"href":"https:\/\/radiostudiow.com.br\/site\/wp-json\/wp\/v2\/posts\/27946\/revisions\/28006"}],"wp:featuredmedia":[{"embeddable":true,"href":"https:\/\/radiostudiow.com.br\/site\/wp-json\/wp\/v2\/media\/28004"}],"wp:attachment":[{"href":"https:\/\/radiostudiow.com.br\/site\/wp-json\/wp\/v2\/media?parent=27946"}],"wp:term":[{"taxonomy":"category","embeddable":true,"href":"https:\/\/radiostudiow.com.br\/site\/wp-json\/wp\/v2\/categories?post=27946"},{"taxonomy":"post_tag","embeddable":true,"href":"https:\/\/radiostudiow.com.br\/site\/wp-json\/wp\/v2\/tags?post=27946"}],"curies":[{"name":"wp","href":"https:\/\/api.w.org\/{rel}","templated":true}]}}