{"id":27948,"date":"2024-09-25T10:58:44","date_gmt":"2024-09-25T13:58:44","guid":{"rendered":"https:\/\/radiostudiow.com.br\/site\/?p=27948"},"modified":"2025-01-31T14:58:25","modified_gmt":"2025-01-31T17:58:25","slug":"colisao-entre-carro-e-ciclista-deixa-jovem-ferido-em-uniao-da-vitoria","status":"publish","type":"post","link":"https:\/\/radiostudiow.com.br\/site\/2024\/09\/25\/colisao-entre-carro-e-ciclista-deixa-jovem-ferido-em-uniao-da-vitoria\/","title":{"rendered":"Colis\u00e3o entre carro e ciclista deixa jovem ferido em Uni\u00e3o da Vit\u00f3ria"},"content":{"rendered":"\n<p>Uma colis\u00e3o entre um carro e um ciclista foi registrada na noite desta ter\u00e7a-feira, 24, no cruzamento da Rua Marechal Deodoro da Fonseca com a Rua Godofredo Grollmann, em Uni\u00e3o da Vit\u00f3ria.\u00a0O ciclista, um jovem de 23 anos, sofreu ferimentos leves no acidente.<\/p>\n\n\n\n<figure class=\"wp-block-image size-full\"><img loading=\"lazy\" decoding=\"async\" width=\"897\" height=\"204\" src=\"https:\/\/radiostudiow.com.br\/site\/wp-content\/uploads\/2024\/04\/image-50.png\" alt=\"\" class=\"wp-image-21368\" srcset=\"https:\/\/radiostudiow.com.br\/site\/wp-content\/uploads\/2024\/04\/image-50.png 897w, https:\/\/radiostudiow.com.br\/site\/wp-content\/uploads\/2024\/04\/image-50-300x68.png 300w, https:\/\/radiostudiow.com.br\/site\/wp-content\/uploads\/2024\/04\/image-50-768x175.png 768w\" sizes=\"auto, (max-width: 897px) 100vw, 897px\" \/><\/figure>\n\n\n\n<p>De acordo com informa\u00e7\u00f5es do Corpo de Bombeiros, a equipe foi acionada rapidamente e prestou os primeiros socorros no local.\u00a0Ap\u00f3s a avalia\u00e7\u00e3o, o ciclista foi encaminhado ao hospital para atendimento m\u00e9dico, sem risco de vida.<\/p>\n\n\n\n<p>A Pol\u00edcia Militar tamb\u00e9m esteve no local para organizar o tr\u00e1fego e registrar a ocorr\u00eancia.<\/p>\n\n\n\n<p>O tr\u00e2nsito na regi\u00e3o ficou parcialmente interrompido por alguns minutos, mas foi liberado ap\u00f3s a remo\u00e7\u00e3o dos envolvidos e o atendimento \u00e0 v\u00edtima.<\/p>\n\n\n\n<figure class=\"wp-block-image size-full\"><img loading=\"lazy\" decoding=\"async\" width=\"537\" height=\"600\" src=\"https:\/\/radiostudiow.com.br\/site\/wp-content\/uploads\/2024\/09\/image-75.png\" alt=\"\" class=\"wp-image-27950\" srcset=\"https:\/\/radiostudiow.com.br\/site\/wp-content\/uploads\/2024\/09\/image-75.png 537w, https:\/\/radiostudiow.com.br\/site\/wp-content\/uploads\/2024\/09\/image-75-269x300.png 269w\" sizes=\"auto, (max-width: 537px) 100vw, 537px\" \/><figcaption class=\"wp-element-caption\">Foto recebida pelo Portal Vvale<\/figcaption><\/figure>\n","protected":false},"excerpt":{"rendered":"<p>Uma colis\u00e3o entre um carro e um ciclista foi registrada na noite desta ter\u00e7a-feira, 24, no cruzamento da Rua Marechal Deodoro da Fonseca com a Rua Godofredo Grollmann, em Uni\u00e3o da Vit\u00f3ria.\u00a0O ciclista, um jovem de 23 anos, sofreu ferimentos leves no acidente. De acordo com informa\u00e7\u00f5es do Corpo de Bombeiros, a equipe foi acionada [&hellip;]<\/p>\n","protected":false},"author":2,"featured_media":27949,"comment_status":"open","ping_status":"open","sticky":false,"template":"","format":"standard","meta":{"footnotes":""},"categories":[185],"tags":[172],"class_list":["post-27948","post","type-post","status-publish","format-standard","has-post-thumbnail","hentry","category-regional","tag-featured"],"amp_enabled":true,"_links":{"self":[{"href":"https:\/\/radiostudiow.com.br\/site\/wp-json\/wp\/v2\/posts\/27948","targetHints":{"allow":["GET"]}}],"collection":[{"href":"https:\/\/radiostudiow.com.br\/site\/wp-json\/wp\/v2\/posts"}],"about":[{"href":"https:\/\/radiostudiow.com.br\/site\/wp-json\/wp\/v2\/types\/post"}],"author":[{"embeddable":true,"href":"https:\/\/radiostudiow.com.br\/site\/wp-json\/wp\/v2\/users\/2"}],"replies":[{"embeddable":true,"href":"https:\/\/radiostudiow.com.br\/site\/wp-json\/wp\/v2\/comments?post=27948"}],"version-history":[{"count":1,"href":"https:\/\/radiostudiow.com.br\/site\/wp-json\/wp\/v2\/posts\/27948\/revisions"}],"predecessor-version":[{"id":27951,"href":"https:\/\/radiostudiow.com.br\/site\/wp-json\/wp\/v2\/posts\/27948\/revisions\/27951"}],"wp:featuredmedia":[{"embeddable":true,"href":"https:\/\/radiostudiow.com.br\/site\/wp-json\/wp\/v2\/media\/27949"}],"wp:attachment":[{"href":"https:\/\/radiostudiow.com.br\/site\/wp-json\/wp\/v2\/media?parent=27948"}],"wp:term":[{"taxonomy":"category","embeddable":true,"href":"https:\/\/radiostudiow.com.br\/site\/wp-json\/wp\/v2\/categories?post=27948"},{"taxonomy":"post_tag","embeddable":true,"href":"https:\/\/radiostudiow.com.br\/site\/wp-json\/wp\/v2\/tags?post=27948"}],"curies":[{"name":"wp","href":"https:\/\/api.w.org\/{rel}","templated":true}]}}