{"id":27952,"date":"2024-09-25T11:40:19","date_gmt":"2024-09-25T14:40:19","guid":{"rendered":"https:\/\/radiostudiow.com.br\/site\/?p=27952"},"modified":"2025-01-31T14:58:25","modified_gmt":"2025-01-31T17:58:25","slug":"homem-e-preso-com-armas-na-area-central-de-porto-vitoria","status":"publish","type":"post","link":"https:\/\/radiostudiow.com.br\/site\/2024\/09\/25\/homem-e-preso-com-armas-na-area-central-de-porto-vitoria\/","title":{"rendered":"Homem \u00e9 preso com armas na \u00e1rea central de Porto Vit\u00f3ria"},"content":{"rendered":"\n<p>A equipe da Pol\u00edcia Militar de Porto Vit\u00f3ria recebeu uma den\u00fancia an\u00f4nima sobre um indiv\u00edduo que estava em atitude suspeita em uma motocicleta na \u00e1rea central por volta 12 horas desta ter\u00e7a-feira (24).<\/p>\n\n\n\n<figure class=\"wp-block-image size-full\"><img loading=\"lazy\" decoding=\"async\" width=\"897\" height=\"204\" src=\"https:\/\/radiostudiow.com.br\/site\/wp-content\/uploads\/2024\/04\/image-19.png\" alt=\"\" class=\"wp-image-21212\" srcset=\"https:\/\/radiostudiow.com.br\/site\/wp-content\/uploads\/2024\/04\/image-19.png 897w, https:\/\/radiostudiow.com.br\/site\/wp-content\/uploads\/2024\/04\/image-19-300x68.png 300w, https:\/\/radiostudiow.com.br\/site\/wp-content\/uploads\/2024\/04\/image-19-768x175.png 768w\" sizes=\"auto, (max-width: 897px) 100vw, 897px\" \/><\/figure>\n\n\n\n<p>A equipe imediatamente seguiu para o local para realizar a abordagem, onde encontraram o motociclista trajando roupas pretas. Durante a revista pessoal, os policiais encontraram um\u00a0rev\u00f3lver tipo garrucha, calibre .22, al\u00e9m de uma garrucha de fabrica\u00e7\u00e3o artesanal, calibre .36.<\/p>\n\n\n\n<p>O autor da den\u00fancia foi detido e os objetos apreendidos foram encaminhados \u00e0 4\u00aa Subdivis\u00e3o Policial (SDP) para os procedimentos cab\u00edveis. A a\u00e7\u00e3o ressalta a import\u00e2ncia da colabora\u00e7\u00e3o da popula\u00e7\u00e3o na seguran\u00e7a p\u00fablica.<\/p>\n\n\n\n<p><a target=\"_blank\" href=\"mailto:?subject=Indiv%C3%ADduo%20%C3%A9%20preso%20com%20armas%20em%20a%C3%A7%C3%A3o%20da%20Pol%C3%ADcia%20em%20Porto%20Vit%C3%B3ria&amp;body=https:\/\/www.vvale.com.br\/seguranca\/individuo-e-preso-com-armas-em-acao-da-policia-em-porto-vitoria\/\" rel=\"noreferrer noopener\"><\/a><\/p>\n","protected":false},"excerpt":{"rendered":"<p>A equipe da Pol\u00edcia Militar de Porto Vit\u00f3ria recebeu uma den\u00fancia an\u00f4nima sobre um indiv\u00edduo que estava em atitude suspeita em uma motocicleta na \u00e1rea central por volta 12 horas desta ter\u00e7a-feira (24). A equipe imediatamente seguiu para o local para realizar a abordagem, onde encontraram o motociclista trajando roupas pretas. Durante a revista pessoal, [&hellip;]<\/p>\n","protected":false},"author":2,"featured_media":27953,"comment_status":"open","ping_status":"open","sticky":false,"template":"","format":"standard","meta":{"footnotes":""},"categories":[2],"tags":[172],"class_list":["post-27952","post","type-post","status-publish","format-standard","has-post-thumbnail","hentry","category-policial","tag-featured"],"amp_enabled":true,"_links":{"self":[{"href":"https:\/\/radiostudiow.com.br\/site\/wp-json\/wp\/v2\/posts\/27952","targetHints":{"allow":["GET"]}}],"collection":[{"href":"https:\/\/radiostudiow.com.br\/site\/wp-json\/wp\/v2\/posts"}],"about":[{"href":"https:\/\/radiostudiow.com.br\/site\/wp-json\/wp\/v2\/types\/post"}],"author":[{"embeddable":true,"href":"https:\/\/radiostudiow.com.br\/site\/wp-json\/wp\/v2\/users\/2"}],"replies":[{"embeddable":true,"href":"https:\/\/radiostudiow.com.br\/site\/wp-json\/wp\/v2\/comments?post=27952"}],"version-history":[{"count":3,"href":"https:\/\/radiostudiow.com.br\/site\/wp-json\/wp\/v2\/posts\/27952\/revisions"}],"predecessor-version":[{"id":27961,"href":"https:\/\/radiostudiow.com.br\/site\/wp-json\/wp\/v2\/posts\/27952\/revisions\/27961"}],"wp:featuredmedia":[{"embeddable":true,"href":"https:\/\/radiostudiow.com.br\/site\/wp-json\/wp\/v2\/media\/27953"}],"wp:attachment":[{"href":"https:\/\/radiostudiow.com.br\/site\/wp-json\/wp\/v2\/media?parent=27952"}],"wp:term":[{"taxonomy":"category","embeddable":true,"href":"https:\/\/radiostudiow.com.br\/site\/wp-json\/wp\/v2\/categories?post=27952"},{"taxonomy":"post_tag","embeddable":true,"href":"https:\/\/radiostudiow.com.br\/site\/wp-json\/wp\/v2\/tags?post=27952"}],"curies":[{"name":"wp","href":"https:\/\/api.w.org\/{rel}","templated":true}]}}