{"id":27955,"date":"2024-09-25T16:53:05","date_gmt":"2024-09-25T19:53:05","guid":{"rendered":"https:\/\/radiostudiow.com.br\/site\/?p=27955"},"modified":"2025-01-31T14:58:25","modified_gmt":"2025-01-31T17:58:25","slug":"condutor-de-veiculo-envolvido-em-tragedia-na-br-280-era-servidor-publico","status":"publish","type":"post","link":"https:\/\/radiostudiow.com.br\/site\/2024\/09\/25\/condutor-de-veiculo-envolvido-em-tragedia-na-br-280-era-servidor-publico\/","title":{"rendered":"Condutor de ve\u00edculo envolvido em trag\u00e9dia na BR-280 era servidor p\u00fablico"},"content":{"rendered":"\n<p><strong>O<a href=\"https:\/\/obemdito.com.br\/noticia\/265114\/vitima-de-acidente-na-br-280-era-servidor-publico-e-prefeitura-enaltece-profissional-dedicado\">Portal O Bemdito<\/a>\u00a0divulgou mais detalhes sobre as v\u00edtimas da trag\u00e9dia na BR-280 na regi\u00e3o da Lan\u00e7a em Porto Uni\u00e3o. O acidente foi nesta ter\u00e7a-feira, 24, e cindo pessoas da mesma fam\u00edlia morreram.<\/strong><\/p>\n\n\n\n<p><em>As v\u00edtimas foram identificadas como Macir M\u00e1rios, de 50 anos, Solizete Oldoni, de 47 anos, Fernanda M\u00e1rios, de 24 anos, Tais Lima e Yago, de 6 anos.<\/em><\/p>\n\n\n\n<figure class=\"wp-block-image size-full\"><img loading=\"lazy\" decoding=\"async\" width=\"598\" height=\"204\" src=\"https:\/\/radiostudiow.com.br\/site\/wp-content\/uploads\/2024\/09\/AFUBRA.png\" alt=\"\" class=\"wp-image-27135\" srcset=\"https:\/\/radiostudiow.com.br\/site\/wp-content\/uploads\/2024\/09\/AFUBRA.png 598w, https:\/\/radiostudiow.com.br\/site\/wp-content\/uploads\/2024\/09\/AFUBRA-300x102.png 300w\" sizes=\"auto, (max-width: 598px) 100vw, 598px\" \/><\/figure>\n\n\n\n<p>O condutor do carro, identificado como Macir Marios da Silva, de 50 anos era servidor da prefeitura de Pato Braco, cidade na qual a fam\u00edlia residia. Eles estavam retornando de uma viagem ao litoral de Santa Catarina.<\/p>\n\n\n\n<figure class=\"wp-block-image size-full\"><img loading=\"lazy\" decoding=\"async\" width=\"286\" height=\"429\" src=\"https:\/\/radiostudiow.com.br\/site\/wp-content\/uploads\/2024\/09\/98994193-1afd-417b-84a6-86f3a8f1c5ae-1-edited.jpeg\" alt=\"\" class=\"wp-image-27967\" srcset=\"https:\/\/radiostudiow.com.br\/site\/wp-content\/uploads\/2024\/09\/98994193-1afd-417b-84a6-86f3a8f1c5ae-1-edited.jpeg 286w, https:\/\/radiostudiow.com.br\/site\/wp-content\/uploads\/2024\/09\/98994193-1afd-417b-84a6-86f3a8f1c5ae-1-edited-200x300.jpeg 200w\" sizes=\"auto, (max-width: 286px) 100vw, 286px\" \/><\/figure>\n\n\n\n<p>A prefeitura da cidade emitiu uma nota e fez uma homeagem ao servidor.<\/p>\n\n\n\n<p><strong><em>\u201c\u00c9 com imenso pesar que lamentamos o falecimento do servidor p\u00fablico Macir Marios da Silva, que atuava na limpeza p\u00fablica do nosso Munic\u00edpio, e de sua fam\u00edlia, em um tr\u00e1gico acidente de carro. Macir foi um profissional dedicado durante os 13 (treze) anos em que atuou junto ao Munic\u00edpio, sempre empenhado em manter nossa cidade limpa e agrad\u00e1vel para todos. Seu trabalho, muitas vezes silencioso, foi essencial para a qualidade de vida de todos, refletindo seu compromisso com o bem-estar da comunidade\u201d,\u00a0<\/em><\/strong><em>diz um trecho da nota divulgada pela prefeitura.<\/em><\/p>\n\n\n\n<p>Al\u00e9m dele, a esposa, filha, cunhada e o sobrinho morreram no acidente.<\/p>\n\n\n\n<figure class=\"wp-block-image size-full\"><img loading=\"lazy\" decoding=\"async\" width=\"720\" height=\"267\" src=\"https:\/\/radiostudiow.com.br\/site\/wp-content\/uploads\/2024\/09\/01-6.jpg\" alt=\"\" class=\"wp-image-27968\" srcset=\"https:\/\/radiostudiow.com.br\/site\/wp-content\/uploads\/2024\/09\/01-6.jpg 720w, https:\/\/radiostudiow.com.br\/site\/wp-content\/uploads\/2024\/09\/01-6-300x111.jpg 300w\" sizes=\"auto, (max-width: 720px) 100vw, 720px\" \/><\/figure>\n\n\n\n<p>A filha de Macir, Fernando de 24 anos recebeu homenagens nas m\u00eddias sociais.<em><strong>\u00a0\u201cAmiga, queria que fosse mentira. Que Deus te receba de bra\u00e7os abertos e voc\u00ea possa desencasar aos bra\u00e7os do pai! Meus sentimentos a toda a sua fam\u00edlia e a fam\u00edlia dos demais que estavam contigo\u201d,<\/strong> escreveu uma amiga da jovem.<\/em><\/p>\n\n\n\n<figure class=\"wp-block-image size-full\"><img loading=\"lazy\" decoding=\"async\" width=\"897\" height=\"204\" src=\"https:\/\/radiostudiow.com.br\/site\/wp-content\/uploads\/2024\/08\/TIJOLAO.png\" alt=\"\" class=\"wp-image-25951\" srcset=\"https:\/\/radiostudiow.com.br\/site\/wp-content\/uploads\/2024\/08\/TIJOLAO.png 897w, https:\/\/radiostudiow.com.br\/site\/wp-content\/uploads\/2024\/08\/TIJOLAO-300x68.png 300w, https:\/\/radiostudiow.com.br\/site\/wp-content\/uploads\/2024\/08\/TIJOLAO-768x175.png 768w\" sizes=\"auto, (max-width: 897px) 100vw, 897px\" \/><\/figure>\n","protected":false},"excerpt":{"rendered":"<p>OPortal O Bemdito\u00a0divulgou mais detalhes sobre as v\u00edtimas da trag\u00e9dia na BR-280 na regi\u00e3o da Lan\u00e7a em Porto Uni\u00e3o. O acidente foi nesta ter\u00e7a-feira, 24, e cindo pessoas da mesma fam\u00edlia morreram. As v\u00edtimas foram identificadas como Macir M\u00e1rios, de 50 anos, Solizete Oldoni, de 47 anos, Fernanda M\u00e1rios, de 24 anos, Tais Lima e [&hellip;]<\/p>\n","protected":false},"author":2,"featured_media":27966,"comment_status":"open","ping_status":"open","sticky":false,"template":"","format":"standard","meta":{"footnotes":""},"categories":[185],"tags":[172],"class_list":["post-27955","post","type-post","status-publish","format-standard","has-post-thumbnail","hentry","category-regional","tag-featured"],"amp_enabled":true,"_links":{"self":[{"href":"https:\/\/radiostudiow.com.br\/site\/wp-json\/wp\/v2\/posts\/27955","targetHints":{"allow":["GET"]}}],"collection":[{"href":"https:\/\/radiostudiow.com.br\/site\/wp-json\/wp\/v2\/posts"}],"about":[{"href":"https:\/\/radiostudiow.com.br\/site\/wp-json\/wp\/v2\/types\/post"}],"author":[{"embeddable":true,"href":"https:\/\/radiostudiow.com.br\/site\/wp-json\/wp\/v2\/users\/2"}],"replies":[{"embeddable":true,"href":"https:\/\/radiostudiow.com.br\/site\/wp-json\/wp\/v2\/comments?post=27955"}],"version-history":[{"count":2,"href":"https:\/\/radiostudiow.com.br\/site\/wp-json\/wp\/v2\/posts\/27955\/revisions"}],"predecessor-version":[{"id":27969,"href":"https:\/\/radiostudiow.com.br\/site\/wp-json\/wp\/v2\/posts\/27955\/revisions\/27969"}],"wp:featuredmedia":[{"embeddable":true,"href":"https:\/\/radiostudiow.com.br\/site\/wp-json\/wp\/v2\/media\/27966"}],"wp:attachment":[{"href":"https:\/\/radiostudiow.com.br\/site\/wp-json\/wp\/v2\/media?parent=27955"}],"wp:term":[{"taxonomy":"category","embeddable":true,"href":"https:\/\/radiostudiow.com.br\/site\/wp-json\/wp\/v2\/categories?post=27955"},{"taxonomy":"post_tag","embeddable":true,"href":"https:\/\/radiostudiow.com.br\/site\/wp-json\/wp\/v2\/tags?post=27955"}],"curies":[{"name":"wp","href":"https:\/\/api.w.org\/{rel}","templated":true}]}}