{"id":27958,"date":"2024-09-25T17:10:02","date_gmt":"2024-09-25T20:10:02","guid":{"rendered":"https:\/\/radiostudiow.com.br\/site\/?p=27958"},"modified":"2025-01-31T14:58:25","modified_gmt":"2025-01-31T17:58:25","slug":"rapaz-morre-apos-acidente-de-trabalho-com-empilhadeira","status":"publish","type":"post","link":"https:\/\/radiostudiow.com.br\/site\/2024\/09\/25\/rapaz-morre-apos-acidente-de-trabalho-com-empilhadeira\/","title":{"rendered":"Rapaz morre ap\u00f3s acidente de trabalho com empilhadeira em Mafra"},"content":{"rendered":"\n<p>Equipes do Corpo de Bombeiros foram acionadas para prestar atendimento \u00e0 v\u00edtima de um acidente de trabalho na manh\u00e3 desta ter\u00e7a-feira, 24, por volta de 9h30, no bairro Faxinal, em Mafra. A v\u00edtima chegou a ser socorrida no local, mas n\u00e3o resistiu aos ferimentos e morreu no hospital.<\/p>\n\n\n\n<figure class=\"wp-block-image size-full\"><img decoding=\"async\" src=\"https:\/\/radiostudiow.com.br\/site\/wp-content\/uploads\/2024\/04\/SITE-MEDIO.png\" alt=\"\" class=\"wp-image-21854\"\/><\/figure>\n\n\n\n<p><strong>Julio Cesar Kruczkiewicz da Costa Barros tinha 23 anos.<\/strong><\/p>\n\n\n\n<p>Ao chegar no local, os socorristas constataram que o jovem havia ficado preso embaixo de uma empilhadeira. Ele estava consciente, por\u00e9m confuso e com sinais vitais alterados. Havia suspeita de fratura nos bra\u00e7os e hemorragia interna.\u00a0O rapaz estava com sudorese e tossindo sangue.<\/p>\n\n\n<div class=\"wp-block-image\">\n<figure class=\"aligncenter is-resized\"><img decoding=\"async\" src=\"https:\/\/static5.vvale.com.br\/wp-content\/uploads\/2024\/09\/WhatsApp-Image-2024-09-24-at-23.42.24-549x600.jpeg\" alt=\"\" class=\"wp-image-549820\" style=\"width:409px;height:auto\"\/><\/figure>\n<\/div>\n\n\n<p>A v\u00edtima foi conduzida em estado grave ao Hospital S\u00e3o Vicente de Paulo, mas n\u00e3o resistiu aos ferimentos e morreu. Julio Cesar deixa enlutados namorada, m\u00e3e, av\u00f3s, irm\u00e3os, tios, primos e demais familiares e amigos.<\/p>\n\n\n\n<p>O vel\u00f3rio de Julio Cesar acontece na manh\u00e3 desta quarta-feira, 25, na Capela Mortu\u00e1ria Municipal de Mafra e o sepultamento acontece \u00e0s 15h no cemit\u00e9rio municipal de Rio Negro.<\/p>\n","protected":false},"excerpt":{"rendered":"<p>Equipes do Corpo de Bombeiros foram acionadas para prestar atendimento \u00e0 v\u00edtima de um acidente de trabalho na manh\u00e3 desta ter\u00e7a-feira, 24, por volta de 9h30, no bairro Faxinal, em Mafra. A v\u00edtima chegou a ser socorrida no local, mas n\u00e3o resistiu aos ferimentos e morreu no hospital. Julio Cesar Kruczkiewicz da Costa Barros tinha [&hellip;]<\/p>\n","protected":false},"author":2,"featured_media":27973,"comment_status":"open","ping_status":"open","sticky":false,"template":"","format":"standard","meta":{"footnotes":""},"categories":[185],"tags":[172],"class_list":["post-27958","post","type-post","status-publish","format-standard","has-post-thumbnail","hentry","category-regional","tag-featured"],"amp_enabled":true,"_links":{"self":[{"href":"https:\/\/radiostudiow.com.br\/site\/wp-json\/wp\/v2\/posts\/27958","targetHints":{"allow":["GET"]}}],"collection":[{"href":"https:\/\/radiostudiow.com.br\/site\/wp-json\/wp\/v2\/posts"}],"about":[{"href":"https:\/\/radiostudiow.com.br\/site\/wp-json\/wp\/v2\/types\/post"}],"author":[{"embeddable":true,"href":"https:\/\/radiostudiow.com.br\/site\/wp-json\/wp\/v2\/users\/2"}],"replies":[{"embeddable":true,"href":"https:\/\/radiostudiow.com.br\/site\/wp-json\/wp\/v2\/comments?post=27958"}],"version-history":[{"count":3,"href":"https:\/\/radiostudiow.com.br\/site\/wp-json\/wp\/v2\/posts\/27958\/revisions"}],"predecessor-version":[{"id":27975,"href":"https:\/\/radiostudiow.com.br\/site\/wp-json\/wp\/v2\/posts\/27958\/revisions\/27975"}],"wp:featuredmedia":[{"embeddable":true,"href":"https:\/\/radiostudiow.com.br\/site\/wp-json\/wp\/v2\/media\/27973"}],"wp:attachment":[{"href":"https:\/\/radiostudiow.com.br\/site\/wp-json\/wp\/v2\/media?parent=27958"}],"wp:term":[{"taxonomy":"category","embeddable":true,"href":"https:\/\/radiostudiow.com.br\/site\/wp-json\/wp\/v2\/categories?post=27958"},{"taxonomy":"post_tag","embeddable":true,"href":"https:\/\/radiostudiow.com.br\/site\/wp-json\/wp\/v2\/tags?post=27958"}],"curies":[{"name":"wp","href":"https:\/\/api.w.org\/{rel}","templated":true}]}}