{"id":2798,"date":"2021-07-06T18:16:15","date_gmt":"2021-07-06T21:16:15","guid":{"rendered":"https:\/\/radiostudiow.com.br\/site\/?p=2798"},"modified":"2025-01-15T11:55:45","modified_gmt":"2025-01-15T14:55:45","slug":"grave-acidente-e-registrado-em-bituruna","status":"publish","type":"post","link":"https:\/\/radiostudiow.com.br\/site\/2021\/07\/06\/grave-acidente-e-registrado-em-bituruna\/","title":{"rendered":"Grave acidente \u00e9 registrado em Bituruna"},"content":{"rendered":"\n<p>A reportagem do Canal 4 TV levantou mais informa\u00e7\u00f5es sobre o grav\u00edssimo acidente que foi registrado nas primeiras horas da manh\u00e3 desta ter\u00e7a-feira, dia 06 de julho, por volta das 07:10 horas, na rodovia PR-170, na cidade de Bituruna.<\/p>\n\n\n\n<figure class=\"wp-block-image size-large\"><img decoding=\"async\" src=\"https:\/\/radiostudiow.com.br\/site\/wp-content\/uploads\/2021\/02\/vem_ai.jpg\" alt=\"\" class=\"wp-image-667\"\/><\/figure>\n\n\n\n<p>Conforme apurado, testemunhas relatam que o acidente pode ter ocorrido porque o caminh\u00e3o na tentativa de ultrapassar um trator acabou colidindo frontalmente contra o carro que vinha no sentido contr\u00e1rio. A forte batida, jogou o ve\u00edculo e o caminh\u00e3o para fora da pista.<\/p>\n\n\n\n<p>Ainda de acordo com informa\u00e7\u00f5es apuradas, o motorista do caminh\u00e3o e a fam\u00edlia que estava no ve\u00edculo s\u00e3o moradores de Bituruna. O motorista acabou morrendo na hora e pelo menos uma crian\u00e7a ficou gravemente ferida.<\/p>\n\n\n\n<p>A trag\u00e9dia deixou a pista interditada e mobilizou equipes de resgate de Bituruna, General Carneiro e do quartel de Uni\u00e3o da Vit\u00f3ria. A Pol\u00edcia Rodovi\u00e1ria Estadual \u2013 PRE tamb\u00e9m foi acionada para a situa\u00e7\u00e3o.<\/p>\n\n\n\n<figure class=\"wp-block-image size-large\"><img decoding=\"async\" src=\"https:\/\/radiostudiow.com.br\/site\/wp-content\/uploads\/2021\/07\/portalpeperi_210492057_230827682035601_3857050130171505750_nfoto111dgfsdgsdfg.jpg\" alt=\"\" class=\"wp-image-2799\"\/><\/figure>\n\n\n\n<figure class=\"wp-block-image size-large\"><img decoding=\"async\" src=\"https:\/\/radiostudiow.com.br\/site\/wp-content\/uploads\/2021\/05\/421-4219753_homem-homem-png.png\" alt=\"\" class=\"wp-image-2170\"\/><\/figure>\n","protected":false},"excerpt":{"rendered":"<p>A reportagem do Canal 4 TV levantou mais informa\u00e7\u00f5es sobre o grav\u00edssimo acidente que foi registrado nas primeiras horas da manh\u00e3 desta ter\u00e7a-feira, dia 06 de julho, por volta das 07:10 horas, na rodovia PR-170, na cidade de Bituruna. Conforme apurado, testemunhas relatam que o acidente pode ter ocorrido porque o caminh\u00e3o na tentativa de [&hellip;]<\/p>\n","protected":false},"author":2,"featured_media":0,"comment_status":"open","ping_status":"open","sticky":false,"template":"","format":"standard","meta":{"footnotes":""},"categories":[2],"tags":[172],"class_list":["post-2798","post","type-post","status-publish","format-standard","hentry","category-policial","tag-featured"],"amp_enabled":true,"_links":{"self":[{"href":"https:\/\/radiostudiow.com.br\/site\/wp-json\/wp\/v2\/posts\/2798","targetHints":{"allow":["GET"]}}],"collection":[{"href":"https:\/\/radiostudiow.com.br\/site\/wp-json\/wp\/v2\/posts"}],"about":[{"href":"https:\/\/radiostudiow.com.br\/site\/wp-json\/wp\/v2\/types\/post"}],"author":[{"embeddable":true,"href":"https:\/\/radiostudiow.com.br\/site\/wp-json\/wp\/v2\/users\/2"}],"replies":[{"embeddable":true,"href":"https:\/\/radiostudiow.com.br\/site\/wp-json\/wp\/v2\/comments?post=2798"}],"version-history":[{"count":2,"href":"https:\/\/radiostudiow.com.br\/site\/wp-json\/wp\/v2\/posts\/2798\/revisions"}],"predecessor-version":[{"id":2802,"href":"https:\/\/radiostudiow.com.br\/site\/wp-json\/wp\/v2\/posts\/2798\/revisions\/2802"}],"wp:attachment":[{"href":"https:\/\/radiostudiow.com.br\/site\/wp-json\/wp\/v2\/media?parent=2798"}],"wp:term":[{"taxonomy":"category","embeddable":true,"href":"https:\/\/radiostudiow.com.br\/site\/wp-json\/wp\/v2\/categories?post=2798"},{"taxonomy":"post_tag","embeddable":true,"href":"https:\/\/radiostudiow.com.br\/site\/wp-json\/wp\/v2\/tags?post=2798"}],"curies":[{"name":"wp","href":"https:\/\/api.w.org\/{rel}","templated":true}]}}