{"id":27981,"date":"2024-09-26T11:30:00","date_gmt":"2024-09-26T14:30:00","guid":{"rendered":"https:\/\/radiostudiow.com.br\/site\/?p=27981"},"modified":"2025-01-31T14:58:25","modified_gmt":"2025-01-31T17:58:25","slug":"pcpr-chega-em-setembro-a-marca-de-1-milhao-de-novas-carteiras-de-identidade-nacional","status":"publish","type":"post","link":"https:\/\/radiostudiow.com.br\/site\/2024\/09\/26\/pcpr-chega-em-setembro-a-marca-de-1-milhao-de-novas-carteiras-de-identidade-nacional\/","title":{"rendered":"PCPR chega em setembro \u00e0 marca de 1 milh\u00e3o de novas Carteiras de Identidade Nacional"},"content":{"rendered":"\n<p>A Pol\u00edcia Civil do Paran\u00e1 (PCPR) atingiu neste m\u00eas de setembro a marca de 1 milh\u00e3o de Carteiras de Identidade Nacional (CIN) emitidas em 2024. Desse montante, 103,6 mil foram confeccionadas de forma online. O Paran\u00e1 foi um dos primeiros estados do Pa\u00eds a implementar o novo modelo em 100% das emiss\u00f5es.<\/p>\n\n\n\n<p>Nos \u00faltimos anos, a PCPR tem registrado o aumento na confec\u00e7\u00e3o de documentos de identidade. Em 2022, foram 825 mil emiss\u00f5es e, no ano seguinte, o crescimento foi de 19,8%, com 988,9 mil documentos de identidade.<\/p>\n\n\n\n<figure class=\"wp-block-image size-full\"><img loading=\"lazy\" decoding=\"async\" width=\"598\" height=\"204\" src=\"https:\/\/radiostudiow.com.br\/site\/wp-content\/uploads\/2024\/04\/image-39.png\" alt=\"\" class=\"wp-image-21311\" srcset=\"https:\/\/radiostudiow.com.br\/site\/wp-content\/uploads\/2024\/04\/image-39.png 598w, https:\/\/radiostudiow.com.br\/site\/wp-content\/uploads\/2024\/04\/image-39-300x102.png 300w\" sizes=\"auto, (max-width: 598px) 100vw, 598px\" \/><\/figure>\n\n\n\n<p>Para o delegado Marcus Michelotto, diretor do Instituto de Identifica\u00e7\u00e3o da PCPR, os n\u00fameros s\u00e3o reflexo do aumento de pessoal nos postos de identifica\u00e7\u00e3o e do trabalho dos servidores. <em><strong>\u201cEsse marco hist\u00f3rico foi poss\u00edvel gra\u00e7as aos investimentos ocorridos nos \u00faltimos dois anos para a contrata\u00e7\u00e3o de funcion\u00e1rios terceirizados. Somado a isso, \u00e9 importante destacar o empenho de todos os papiloscopistas e identificadores, que t\u00eam se empenhado para atender a popula\u00e7\u00e3o\u201d, <\/strong>ressalta.&nbsp;<\/em><\/p>\n\n\n\n<p>Outro fator que contribuiu para este aumento foi a implementa\u00e7\u00e3o do servi\u00e7o da&nbsp;<a href=\"https:\/\/www.policiacivil.pr.gov.br\/Pagina\/2a-via-da-Carteira-de-Identidade\" target=\"_blank\" rel=\"noreferrer noopener\">CIN F\u00e1cil<\/a>, que permite tanto o agendamento de atendimento presencial, quanto a solicita\u00e7\u00e3o totalmente online da emiss\u00e3o do documento para aqueles que j\u00e1 possuem Carteira de Identidade emitida no Paran\u00e1. Essa funcionalidade foi pensada para facilitar o acesso, especialmente para as popula\u00e7\u00f5es que vivem em locais afastados, pois evita a necessidade de diversos deslocamentos at\u00e9 os postos de identifica\u00e7\u00e3o.<\/p>\n\n\n\n<p><em><strong>\u201cIsso se traduz tamb\u00e9m na satisfa\u00e7\u00e3o que vemos por parte da popula\u00e7\u00e3o, que tem conseguido fazer os agendamentos, encontrar um posto mais pr\u00f3ximo da sua resid\u00eancia e ter o seu documento em m\u00e3os\u201d, <\/strong>conclui o chefe do Instituto de Identifica\u00e7\u00e3o.<\/em><\/p>\n\n\n\n<figure class=\"wp-block-image size-full\"><img decoding=\"async\" src=\"https:\/\/radiostudiow.com.br\/site\/wp-content\/uploads\/2024\/04\/image-42.png\" alt=\"\" class=\"wp-image-21334\"\/><\/figure>\n\n\n\n<p><strong>NOVA CIN<\/strong>&nbsp;\u2013 O novo modelo segue um padr\u00e3o \u00fanico que acaba com a possibilidade de multiplicidade na identifica\u00e7\u00e3o. A mudan\u00e7a visa substituir os Registros Gerais (RGs), que anteriormente podiam ser emitidos por uma pessoa em cada um dos estados, cada um com numera\u00e7\u00e3o diferente.<\/p>\n\n\n\n<p>A principal mudan\u00e7a da carteira \u00e9 o n\u00famero unificado, utilizando o numeral de Cadastro de Pessoa F\u00edsica (CPF). A iniciativa traz mais seguran\u00e7a \u00e0 popula\u00e7\u00e3o e reduz a possibilidade de fraudes.<\/p>\n\n\n\n<p>A CIN possui vers\u00f5es impressa e digital, que pode ser acessada pelo aplicativo&nbsp;<a href=\"https:\/\/www.gov.br\/pt-br\" target=\"_blank\" rel=\"noreferrer noopener\">gov.br<\/a>. O novo modelo possui validade de 10 anos.<\/p>\n\n\n\n<p><strong>SOLICITA\u00c7\u00c3O&nbsp;<\/strong>\u2013 Para solicitar a emiss\u00e3o da nova CIN, \u00e9 preciso fazer o agendamento pelo&nbsp;<a href=\"https:\/\/www.policiacivil.pr.gov.br\/Pagina\/SOLICITAR-CARTEIRA-DE-IDENTIDADE-NACIONAL-CIN\" target=\"_blank\" rel=\"noreferrer noopener\">site da PCPR<\/a>. Pelo portal, tamb\u00e9m \u00e9 poss\u00edvel consultar o andamento da solicita\u00e7\u00e3o e tamb\u00e9m verificar mais informa\u00e7\u00f5es.<\/p>\n\n\n\n<p><em>Reportagem: AEN<\/em><\/p>\n","protected":false},"excerpt":{"rendered":"<p>A Pol\u00edcia Civil do Paran\u00e1 (PCPR) atingiu neste m\u00eas de setembro a marca de 1 milh\u00e3o de Carteiras de Identidade Nacional (CIN) emitidas em 2024. Desse montante, 103,6 mil foram confeccionadas de forma online. O Paran\u00e1 foi um dos primeiros estados do Pa\u00eds a implementar o novo modelo em 100% das emiss\u00f5es. Nos \u00faltimos anos, [&hellip;]<\/p>\n","protected":false},"author":2,"featured_media":27983,"comment_status":"open","ping_status":"open","sticky":false,"template":"","format":"standard","meta":{"footnotes":""},"categories":[7],"tags":[172],"class_list":["post-27981","post","type-post","status-publish","format-standard","has-post-thumbnail","hentry","category-geral","tag-featured"],"amp_enabled":true,"_links":{"self":[{"href":"https:\/\/radiostudiow.com.br\/site\/wp-json\/wp\/v2\/posts\/27981","targetHints":{"allow":["GET"]}}],"collection":[{"href":"https:\/\/radiostudiow.com.br\/site\/wp-json\/wp\/v2\/posts"}],"about":[{"href":"https:\/\/radiostudiow.com.br\/site\/wp-json\/wp\/v2\/types\/post"}],"author":[{"embeddable":true,"href":"https:\/\/radiostudiow.com.br\/site\/wp-json\/wp\/v2\/users\/2"}],"replies":[{"embeddable":true,"href":"https:\/\/radiostudiow.com.br\/site\/wp-json\/wp\/v2\/comments?post=27981"}],"version-history":[{"count":3,"href":"https:\/\/radiostudiow.com.br\/site\/wp-json\/wp\/v2\/posts\/27981\/revisions"}],"predecessor-version":[{"id":28030,"href":"https:\/\/radiostudiow.com.br\/site\/wp-json\/wp\/v2\/posts\/27981\/revisions\/28030"}],"wp:featuredmedia":[{"embeddable":true,"href":"https:\/\/radiostudiow.com.br\/site\/wp-json\/wp\/v2\/media\/27983"}],"wp:attachment":[{"href":"https:\/\/radiostudiow.com.br\/site\/wp-json\/wp\/v2\/media?parent=27981"}],"wp:term":[{"taxonomy":"category","embeddable":true,"href":"https:\/\/radiostudiow.com.br\/site\/wp-json\/wp\/v2\/categories?post=27981"},{"taxonomy":"post_tag","embeddable":true,"href":"https:\/\/radiostudiow.com.br\/site\/wp-json\/wp\/v2\/tags?post=27981"}],"curies":[{"name":"wp","href":"https:\/\/api.w.org\/{rel}","templated":true}]}}