{"id":27991,"date":"2024-09-27T09:57:11","date_gmt":"2024-09-27T12:57:11","guid":{"rendered":"https:\/\/radiostudiow.com.br\/site\/?p=27991"},"modified":"2025-01-31T14:58:24","modified_gmt":"2025-01-31T17:58:24","slug":"homem-e-preso-em-general-carneiro-por-violencia-domestica","status":"publish","type":"post","link":"https:\/\/radiostudiow.com.br\/site\/2024\/09\/27\/homem-e-preso-em-general-carneiro-por-violencia-domestica\/","title":{"rendered":"Homem \u00e9 preso em General Carneiro por viol\u00eancia dom\u00e9stica"},"content":{"rendered":"\n<p><a href=\"https:\/\/www.facebook.com\/sharer.php?u=https%3A%2F%2Fcanal4.tv.br%2F2024%2F09%2F25%2Fhomem-e-preso-em-general-carneiro-por-violencia-domestica%2F%3Ffbclid%3DIwY2xjawFhZIpleHRuA2FlbQIxMQABHTggM72Lzg1yOjzVrj-quUjnwmp70aKaXgGYUKsf00DArWLeoxpZVub2eg_aem_VMxUyDmaGOYIkI3vWzgm-Q\" target=\"_blank\" rel=\"noreferrer noopener\"><\/a><a href=\"https:\/\/web.whatsapp.com\/send?text=Homem%20%C3%A9%20preso%20em%20General%20Carneiro%20por%20viol%C3%AAncia%20dom%C3%A9stica%20%E2%98%9B%20https%3A%2F%2Fcanal4.tv.br%2F2024%2F09%2F25%2Fhomem-e-preso-em-general-carneiro-por-violencia-domestica%2F%3Ffbclid%3DIwY2xjawFhZIpleHRuA2FlbQIxMQABHTggM72Lzg1yOjzVrj-quUjnwmp70aKaXgGYUKsf00DArWLeoxpZVub2eg_aem_VMxUyDmaGOYIkI3vWzgm-Q\" target=\"_blank\" rel=\"noreferrer noopener\"><\/a><\/p>\n\n\n\n<p><a href=\"javascript:void(0);\"><\/a>Um homem que n\u00e3o teve o nome divulgado foi preso por volta das 22 horas dessa ter\u00e7a-feira, 24 de setembro, no bairro Planalto em General Carneiro, pelo crime de amea\u00e7a e viol\u00eancia dom\u00e9stica.<\/p>\n\n\n\n<figure class=\"wp-block-image size-full\"><img loading=\"lazy\" decoding=\"async\" width=\"598\" height=\"204\" src=\"https:\/\/radiostudiow.com.br\/site\/wp-content\/uploads\/2024\/04\/image-39.png\" alt=\"\" class=\"wp-image-21311\" srcset=\"https:\/\/radiostudiow.com.br\/site\/wp-content\/uploads\/2024\/04\/image-39.png 598w, https:\/\/radiostudiow.com.br\/site\/wp-content\/uploads\/2024\/04\/image-39-300x102.png 300w\" sizes=\"auto, (max-width: 598px) 100vw, 598px\" \/><\/figure>\n\n\n\n<p>Segundo informa\u00e7\u00f5es divulgadas para a imprensa, uma mulher acionou a Pol\u00edcia relatando que seu ex-convivente foi at\u00e9 a sua casa, vindo a chutar a porta da resid\u00eancia e fazer amea\u00e7as para a mulher.<\/p>\n\n\n\n<p>Tendo em vista o desejo de representa\u00e7\u00e3o da v\u00edtima, a Pol\u00edcia Militar realizou patrulhamento e localizou o homem, o qual recebeu voz de pris\u00e3o e foi conduzido at\u00e9 a delegacia de Uni\u00e3o da Vit\u00f3ria para provid\u00eancias.<\/p>\n","protected":false},"excerpt":{"rendered":"<p>Um homem que n\u00e3o teve o nome divulgado foi preso por volta das 22 horas dessa ter\u00e7a-feira, 24 de setembro, no bairro Planalto em General Carneiro, pelo crime de amea\u00e7a e viol\u00eancia dom\u00e9stica. Segundo informa\u00e7\u00f5es divulgadas para a imprensa, uma mulher acionou a Pol\u00edcia relatando que seu ex-convivente foi at\u00e9 a sua casa, vindo a [&hellip;]<\/p>\n","protected":false},"author":2,"featured_media":19871,"comment_status":"open","ping_status":"open","sticky":false,"template":"","format":"standard","meta":{"footnotes":""},"categories":[2],"tags":[172],"class_list":["post-27991","post","type-post","status-publish","format-standard","has-post-thumbnail","hentry","category-policial","tag-featured"],"amp_enabled":true,"_links":{"self":[{"href":"https:\/\/radiostudiow.com.br\/site\/wp-json\/wp\/v2\/posts\/27991","targetHints":{"allow":["GET"]}}],"collection":[{"href":"https:\/\/radiostudiow.com.br\/site\/wp-json\/wp\/v2\/posts"}],"about":[{"href":"https:\/\/radiostudiow.com.br\/site\/wp-json\/wp\/v2\/types\/post"}],"author":[{"embeddable":true,"href":"https:\/\/radiostudiow.com.br\/site\/wp-json\/wp\/v2\/users\/2"}],"replies":[{"embeddable":true,"href":"https:\/\/radiostudiow.com.br\/site\/wp-json\/wp\/v2\/comments?post=27991"}],"version-history":[{"count":2,"href":"https:\/\/radiostudiow.com.br\/site\/wp-json\/wp\/v2\/posts\/27991\/revisions"}],"predecessor-version":[{"id":28047,"href":"https:\/\/radiostudiow.com.br\/site\/wp-json\/wp\/v2\/posts\/27991\/revisions\/28047"}],"wp:featuredmedia":[{"embeddable":true,"href":"https:\/\/radiostudiow.com.br\/site\/wp-json\/wp\/v2\/media\/19871"}],"wp:attachment":[{"href":"https:\/\/radiostudiow.com.br\/site\/wp-json\/wp\/v2\/media?parent=27991"}],"wp:term":[{"taxonomy":"category","embeddable":true,"href":"https:\/\/radiostudiow.com.br\/site\/wp-json\/wp\/v2\/categories?post=27991"},{"taxonomy":"post_tag","embeddable":true,"href":"https:\/\/radiostudiow.com.br\/site\/wp-json\/wp\/v2\/tags?post=27991"}],"curies":[{"name":"wp","href":"https:\/\/api.w.org\/{rel}","templated":true}]}}