{"id":28035,"date":"2024-09-26T18:57:40","date_gmt":"2024-09-26T21:57:40","guid":{"rendered":"https:\/\/radiostudiow.com.br\/site\/?p=28035"},"modified":"2025-01-31T14:58:24","modified_gmt":"2025-01-31T17:58:24","slug":"mulher-e-encontrada-em-obito-na-cidade-uniao-da-vitoria-policia-investiga-crime","status":"publish","type":"post","link":"https:\/\/radiostudiow.com.br\/site\/2024\/09\/26\/mulher-e-encontrada-em-obito-na-cidade-uniao-da-vitoria-policia-investiga-crime\/","title":{"rendered":"Mulher \u00e9 encontrada em \u00f3bito na cidade Uni\u00e3o da Vit\u00f3ria. Pol\u00edcia investiga crime"},"content":{"rendered":"\n<p>A mulher que estava desaparecida e foi encontrada morta na tarde desta quinta-feira, 26, no bairro S\u00e3o Braz, em Uni\u00e3o da Vit\u00f3ria, foi v\u00edtima de um crime.\u00a0A pol\u00edcia j\u00e1 descartou a hip\u00f3tese de suic\u00eddio e as investiga\u00e7\u00f5es est\u00e3o em andamento.<\/p>\n\n\n\n<figure class=\"wp-block-image size-large is-resized\"><img loading=\"lazy\" decoding=\"async\" width=\"1024\" height=\"576\" src=\"https:\/\/radiostudiow.com.br\/site\/wp-content\/uploads\/2024\/05\/86140-nacional-tv-coops-comunicacao-interna-pos-campanha-de-educacao-financeira-2024-1024x576.png\" alt=\"\" class=\"wp-image-23031\" style=\"width:574px;height:auto\" srcset=\"https:\/\/radiostudiow.com.br\/site\/wp-content\/uploads\/2024\/05\/86140-nacional-tv-coops-comunicacao-interna-pos-campanha-de-educacao-financeira-2024-1024x576.png 1024w, https:\/\/radiostudiow.com.br\/site\/wp-content\/uploads\/2024\/05\/86140-nacional-tv-coops-comunicacao-interna-pos-campanha-de-educacao-financeira-2024-300x169.png 300w, https:\/\/radiostudiow.com.br\/site\/wp-content\/uploads\/2024\/05\/86140-nacional-tv-coops-comunicacao-interna-pos-campanha-de-educacao-financeira-2024-768x432.png 768w, https:\/\/radiostudiow.com.br\/site\/wp-content\/uploads\/2024\/05\/86140-nacional-tv-coops-comunicacao-interna-pos-campanha-de-educacao-financeira-2024-1536x864.png 1536w, https:\/\/radiostudiow.com.br\/site\/wp-content\/uploads\/2024\/05\/86140-nacional-tv-coops-comunicacao-interna-pos-campanha-de-educacao-financeira-2024.png 1920w\" sizes=\"auto, (max-width: 1024px) 100vw, 1024px\" \/><\/figure>\n\n\n\n<p>Franciane Brixi de 33 anos n\u00e3o deu mais not\u00edcias ap\u00f3s sair do trabalho no s\u00e1bado, dia 21. Ela deveria ter comparecido ao servi\u00e7o no domingo, mas n\u00e3o apareceu. Al\u00e9m disso, n\u00e3o atendia chamadas nem respondia mensagens. Ela trabalhava em um supermercado no bairro S\u00e3o Cristov\u00e3o.<\/p>\n\n\n\n<p>Preocupados, amigos foram at\u00e9 sua resid\u00eancia e encontraram a casa trancada. E o carro n\u00e3o estava no local.<\/p>\n\n\n\n<p>Seu ve\u00edculo, um Ford\/Ka preto, foi localizado estacionado na Rua Joaquim Penido Monteiro, no bairro Cidade Jardim.\u00a0De acordo com vizinhos, o carro estava no local h\u00e1 pelo menos dois dias.<\/p>\n\n\n\n<p>Franciane foi encontrada morta em sua casa, na Avenida Wilkys Correa, no bairro S\u00e3o Braz.<\/p>\n\n\n\n<figure class=\"wp-block-image\" id=\"attachment_549914\"><img decoding=\"async\" src=\"https:\/\/static5.vvale.com.br\/wp-content\/uploads\/2024\/09\/WhatsApp-Image-2024-09-26-at-17.46.02-648x600.jpeg\" alt=\"\" class=\"wp-image-549914\"\/><figcaption class=\"wp-element-caption\">Entrada da resid\u00eancia de Franciane (Foto: Portal Vvale)<\/figcaption><\/figure>\n\n\n\n<figure class=\"wp-block-image\" id=\"attachment_549915\"><img decoding=\"async\" src=\"https:\/\/static5.vvale.com.br\/wp-content\/uploads\/2024\/09\/WhatsApp-Image-2024-09-26-at-17.45.13-450x600.jpeg\" alt=\"\" class=\"wp-image-549915\"\/><figcaption class=\"wp-element-caption\">Carro de Franciane estava estacionado em uma rua do bairro Cidade Jardim (Foto: Portal Vvale)<\/figcaption><\/figure>\n","protected":false},"excerpt":{"rendered":"<p>A mulher que estava desaparecida e foi encontrada morta na tarde desta quinta-feira, 26, no bairro S\u00e3o Braz, em Uni\u00e3o da Vit\u00f3ria, foi v\u00edtima de um crime.\u00a0A pol\u00edcia j\u00e1 descartou a hip\u00f3tese de suic\u00eddio e as investiga\u00e7\u00f5es est\u00e3o em andamento. Franciane Brixi de 33 anos n\u00e3o deu mais not\u00edcias ap\u00f3s sair do trabalho no s\u00e1bado, [&hellip;]<\/p>\n","protected":false},"author":2,"featured_media":28036,"comment_status":"open","ping_status":"open","sticky":false,"template":"","format":"standard","meta":{"footnotes":""},"categories":[185],"tags":[172],"class_list":["post-28035","post","type-post","status-publish","format-standard","has-post-thumbnail","hentry","category-regional","tag-featured"],"amp_enabled":true,"_links":{"self":[{"href":"https:\/\/radiostudiow.com.br\/site\/wp-json\/wp\/v2\/posts\/28035","targetHints":{"allow":["GET"]}}],"collection":[{"href":"https:\/\/radiostudiow.com.br\/site\/wp-json\/wp\/v2\/posts"}],"about":[{"href":"https:\/\/radiostudiow.com.br\/site\/wp-json\/wp\/v2\/types\/post"}],"author":[{"embeddable":true,"href":"https:\/\/radiostudiow.com.br\/site\/wp-json\/wp\/v2\/users\/2"}],"replies":[{"embeddable":true,"href":"https:\/\/radiostudiow.com.br\/site\/wp-json\/wp\/v2\/comments?post=28035"}],"version-history":[{"count":1,"href":"https:\/\/radiostudiow.com.br\/site\/wp-json\/wp\/v2\/posts\/28035\/revisions"}],"predecessor-version":[{"id":28037,"href":"https:\/\/radiostudiow.com.br\/site\/wp-json\/wp\/v2\/posts\/28035\/revisions\/28037"}],"wp:featuredmedia":[{"embeddable":true,"href":"https:\/\/radiostudiow.com.br\/site\/wp-json\/wp\/v2\/media\/28036"}],"wp:attachment":[{"href":"https:\/\/radiostudiow.com.br\/site\/wp-json\/wp\/v2\/media?parent=28035"}],"wp:term":[{"taxonomy":"category","embeddable":true,"href":"https:\/\/radiostudiow.com.br\/site\/wp-json\/wp\/v2\/categories?post=28035"},{"taxonomy":"post_tag","embeddable":true,"href":"https:\/\/radiostudiow.com.br\/site\/wp-json\/wp\/v2\/tags?post=28035"}],"curies":[{"name":"wp","href":"https:\/\/api.w.org\/{rel}","templated":true}]}}