{"id":28038,"date":"2024-09-26T19:22:03","date_gmt":"2024-09-26T22:22:03","guid":{"rendered":"https:\/\/radiostudiow.com.br\/site\/?p=28038"},"modified":"2025-01-31T14:58:24","modified_gmt":"2025-01-31T17:58:24","slug":"policia-militar-de-policia-militar-de-apreende-maquina-caca-niquel-em-estabelecimento","status":"publish","type":"post","link":"https:\/\/radiostudiow.com.br\/site\/2024\/09\/26\/policia-militar-de-policia-militar-de-apreende-maquina-caca-niquel-em-estabelecimento\/","title":{"rendered":"Pol\u00edcia Militar de Pol\u00edcia Militar de apreende m\u00e1quina ca\u00e7a n\u00edquel em estabelecimento"},"content":{"rendered":"\n<p><a href=\"https:\/\/www.facebook.com\/sharer.php?u=https%3A%2F%2Fcanal4.tv.br%2F2024%2F09%2F26%2Fpm-apreende-maquina-caca-niquel-em-estabelecimento-no-centro-de-uniao-da-vitoria%2F%3Ffbclid%3DIwY2xjawFiuFVleHRuA2FlbQIxMQABHddJu-6vOVQZdxoGNxylYNF6hpMtr3fLyW8Z1DUoAMm-swWJWAzbykObpg_aem_bF8aYeZadRc_q03TJnLXiw\" target=\"_blank\" rel=\"noreferrer noopener\"><\/a><\/p>\n\n\n\n<p>A Pol\u00edcia Militar do 27\u00ba Batalh\u00e3o apreendeu uma m\u00e1quina ca\u00e7a n\u00edquel durante o in\u00edcio da tarde dessa quarta-feira, dia 25 de setembro, por volta das 13 horas, na \u00e1rea central de Uni\u00e3o da Vit\u00f3ria.<\/p>\n\n\n\n<p>Segundo informa\u00e7\u00f5es, uma equipe policial estava realizando patrulhamento quando foi abordada por moradores que den\u00fancia os fatos, indicando qual era o estabelecimento.<\/p>\n\n\n\n<figure class=\"wp-block-image size-full\"><img loading=\"lazy\" decoding=\"async\" width=\"897\" height=\"204\" src=\"https:\/\/radiostudiow.com.br\/site\/wp-content\/uploads\/2024\/04\/image-51.png\" alt=\"\" class=\"wp-image-21370\" srcset=\"https:\/\/radiostudiow.com.br\/site\/wp-content\/uploads\/2024\/04\/image-51.png 897w, https:\/\/radiostudiow.com.br\/site\/wp-content\/uploads\/2024\/04\/image-51-300x68.png 300w, https:\/\/radiostudiow.com.br\/site\/wp-content\/uploads\/2024\/04\/image-51-768x175.png 768w\" sizes=\"auto, (max-width: 897px) 100vw, 897px\" \/><\/figure>\n\n\n\n<p>Foi realizada a abordagem e encontrada a m\u00e1quina ca\u00e7a n\u00edquel digital de cor azul, a qual possu\u00ed funcionamento por meio de cart\u00e3o de cr\u00e9dito ou d\u00e9bito e pix. Diante dos fatos, a m\u00e1quina foi apreendida e o propriet\u00e1rio assinou Termo Circunstanciado.<a href=\"https:\/\/web.whatsapp.com\/send?text=PM%20apreende%20m%C3%A1quina%20ca%C3%A7a%20n%C3%ADquel%20em%20estabelecimento%20no%20centro%20de%20Uni%C3%A3o%20da%20Vit%C3%B3ria%20%E2%98%9B%20https%3A%2F%2Fcanal4.tv.br%2F2024%2F09%2F26%2Fpm-apreende-maquina-caca-niquel-em-estabelecimento-no-centro-de-uniao-da-vitoria%2F%3Ffbclid%3DIwY2xjawFiuFVleHRuA2FlbQIxMQABHddJu-6vOVQZdxoGNxylYNF6hpMtr3fLyW8Z1DUoAMm-swWJWAzbykObpg_aem_bF8aYeZadRc_q03TJnLXiw\" target=\"_blank\" rel=\"noreferrer noopener\"><\/a><\/p>\n\n\n\n<p><a href=\"javascript:void(0);\"><\/a><\/p>\n","protected":false},"excerpt":{"rendered":"<p>A Pol\u00edcia Militar do 27\u00ba Batalh\u00e3o apreendeu uma m\u00e1quina ca\u00e7a n\u00edquel durante o in\u00edcio da tarde dessa quarta-feira, dia 25 de setembro, por volta das 13 horas, na \u00e1rea central de Uni\u00e3o da Vit\u00f3ria. Segundo informa\u00e7\u00f5es, uma equipe policial estava realizando patrulhamento quando foi abordada por moradores que den\u00fancia os fatos, indicando qual era o [&hellip;]<\/p>\n","protected":false},"author":2,"featured_media":28040,"comment_status":"open","ping_status":"open","sticky":false,"template":"","format":"standard","meta":{"footnotes":""},"categories":[2],"tags":[172],"class_list":["post-28038","post","type-post","status-publish","format-standard","has-post-thumbnail","hentry","category-policial","tag-featured"],"amp_enabled":true,"_links":{"self":[{"href":"https:\/\/radiostudiow.com.br\/site\/wp-json\/wp\/v2\/posts\/28038","targetHints":{"allow":["GET"]}}],"collection":[{"href":"https:\/\/radiostudiow.com.br\/site\/wp-json\/wp\/v2\/posts"}],"about":[{"href":"https:\/\/radiostudiow.com.br\/site\/wp-json\/wp\/v2\/types\/post"}],"author":[{"embeddable":true,"href":"https:\/\/radiostudiow.com.br\/site\/wp-json\/wp\/v2\/users\/2"}],"replies":[{"embeddable":true,"href":"https:\/\/radiostudiow.com.br\/site\/wp-json\/wp\/v2\/comments?post=28038"}],"version-history":[{"count":1,"href":"https:\/\/radiostudiow.com.br\/site\/wp-json\/wp\/v2\/posts\/28038\/revisions"}],"predecessor-version":[{"id":28039,"href":"https:\/\/radiostudiow.com.br\/site\/wp-json\/wp\/v2\/posts\/28038\/revisions\/28039"}],"wp:featuredmedia":[{"embeddable":true,"href":"https:\/\/radiostudiow.com.br\/site\/wp-json\/wp\/v2\/media\/28040"}],"wp:attachment":[{"href":"https:\/\/radiostudiow.com.br\/site\/wp-json\/wp\/v2\/media?parent=28038"}],"wp:term":[{"taxonomy":"category","embeddable":true,"href":"https:\/\/radiostudiow.com.br\/site\/wp-json\/wp\/v2\/categories?post=28038"},{"taxonomy":"post_tag","embeddable":true,"href":"https:\/\/radiostudiow.com.br\/site\/wp-json\/wp\/v2\/tags?post=28038"}],"curies":[{"name":"wp","href":"https:\/\/api.w.org\/{rel}","templated":true}]}}