{"id":28049,"date":"2024-09-27T10:59:55","date_gmt":"2024-09-27T13:59:55","guid":{"rendered":"https:\/\/radiostudiow.com.br\/site\/?p=28049"},"modified":"2025-01-31T14:58:24","modified_gmt":"2025-01-31T17:58:24","slug":"homem-morre-em-acidente-momentos-depois-de-agredir-brutalmente-a-sua-ex-mulher-em-imbituva","status":"publish","type":"post","link":"https:\/\/radiostudiow.com.br\/site\/2024\/09\/27\/homem-morre-em-acidente-momentos-depois-de-agredir-brutalmente-a-sua-ex-mulher-em-imbituva\/","title":{"rendered":"Homem morre em acidente momentos depois de agredir brutalmente a sua ex-mulher em Imbituva"},"content":{"rendered":"\n<p>Na manh\u00e3 desta serxta-feira, 27 de setembro, uma mulher procurou o Pronto Atendimento local ap\u00f3s ser brutalmente agredida por seu ex-marido. Conforme informa\u00e7\u00f5es coletadas pela equipe de reportagem, a v\u00edtima, que estava em processo de separa\u00e7\u00e3o, relatou que j\u00e1 residia na mesma casa que o autor, mesmo ap\u00f3s a decis\u00e3o de terminar o relacionamento, que ocorreu h\u00e1 alguns dias.<\/p>\n\n\n\n<figure class=\"wp-block-image size-full\"><img loading=\"lazy\" decoding=\"async\" width=\"897\" height=\"204\" src=\"https:\/\/radiostudiow.com.br\/site\/wp-content\/uploads\/2024\/04\/image-50.png\" alt=\"\" class=\"wp-image-21368\" srcset=\"https:\/\/radiostudiow.com.br\/site\/wp-content\/uploads\/2024\/04\/image-50.png 897w, https:\/\/radiostudiow.com.br\/site\/wp-content\/uploads\/2024\/04\/image-50-300x68.png 300w, https:\/\/radiostudiow.com.br\/site\/wp-content\/uploads\/2024\/04\/image-50-768x175.png 768w\" sizes=\"auto, (max-width: 897px) 100vw, 897px\" \/><\/figure>\n\n\n\n<p>Segundo a mulher, o ex-marido a atacou com um machado enquanto ela estava em seu quarto. Ao tentar se proteger, colocou o bra\u00e7o \u00e0 frente, resultando em uma les\u00e3o. Em seguida, ele a agarrou por tr\u00e1s e, utilizando uma faca velha, desferiu v\u00e1rios golpes em seu rosto, causando cortes significativos. Ap\u00f3s o ataque, o autor fugiu do local.<\/p>\n\n\n\n<p>Uma vizinha, ao ouvir os gritos e a confus\u00e3o, correu para ajudar a v\u00edtima e a levou at\u00e9 o Pronto Atendimento. Durante a conversa com a equipe de sa\u00fade, a mulher informou que a agress\u00e3o foi motivada por ci\u00fames, uma vez que j\u00e1 havia solicitado a sa\u00edda do ex-marido da resid\u00eancia.<\/p>\n\n\n\n<p>Os profissionais de sa\u00fade constataram que a v\u00edtima apresentava cortes no rosto e bra\u00e7o, al\u00e9m de les\u00f5es decorrentes do golpe de machado. Ela foi submetida a pontos no nariz e permanece internada em observa\u00e7\u00e3o, aguardando a realiza\u00e7\u00e3o de um raio-x no bra\u00e7o.<\/p>\n\n\n\n<p>Enquanto a mulher recebia atendimento, a equipe de pol\u00edcia recebeu informa\u00e7\u00f5es de que o autor do ataque havia se envolvido em um acidente de tr\u00e2nsito, onde veio a \u00f3bito.<\/p>\n\n\n\n<figure class=\"wp-block-image size-full\"><img loading=\"lazy\" decoding=\"async\" width=\"641\" height=\"322\" src=\"https:\/\/radiostudiow.com.br\/site\/wp-content\/uploads\/2024\/09\/user_285487435.jpg\" alt=\"\" class=\"wp-image-28052\" srcset=\"https:\/\/radiostudiow.com.br\/site\/wp-content\/uploads\/2024\/09\/user_285487435.jpg 641w, https:\/\/radiostudiow.com.br\/site\/wp-content\/uploads\/2024\/09\/user_285487435-300x151.jpg 300w\" sizes=\"auto, (max-width: 641px) 100vw, 641px\" \/><\/figure>\n\n\n\n<p>O acidente ocorreu na BR-373, na localidade rural de Mato Branco, munic\u00edpio de Imbituva, envolveu uma carreta e um ve\u00edculo Volkswagen Gol. De acordo com informa\u00e7\u00f5es de populares que estavam no local, uma pessoa que estava no carro, presumivelmente o motorista, faleceu no local.\u00a0<\/p>\n\n\n\n<p>Ainda n\u00e3o h\u00e1 informa\u00e7\u00f5es sobre o estado de sa\u00fade do condutor da carreta envolvido no acidente.<\/p>\n\n\n\n<p>O tr\u00e2nsito na rodovia ficou parcialmente interditado, sendo desviado pela Marginal da BR-373, enquanto equipes da Concession\u00e1ria e da Pol\u00edcia Rodovi\u00e1ria Federal (PRF) trabalhavam na \u00e1rea. A PRF foi ao local para realizar os procedimentos necess\u00e1rios.<\/p>\n\n\n\n<p>O corpo da v\u00edtima foi retirado das ferragens e encaminhado ao Instituto M\u00e9dico-Legal (IML) de Ponta Grossa, onde passar\u00e1 por procedimentos de identifica\u00e7\u00e3o oficial.<\/p>\n\n\n\n<figure class=\"wp-block-image size-full\"><img loading=\"lazy\" decoding=\"async\" width=\"590\" height=\"204\" src=\"https:\/\/radiostudiow.com.br\/site\/wp-content\/uploads\/2024\/04\/image-27.png\" alt=\"\" class=\"wp-image-21280\" srcset=\"https:\/\/radiostudiow.com.br\/site\/wp-content\/uploads\/2024\/04\/image-27.png 590w, https:\/\/radiostudiow.com.br\/site\/wp-content\/uploads\/2024\/04\/image-27-300x104.png 300w\" sizes=\"auto, (max-width: 590px) 100vw, 590px\" \/><\/figure>\n\n\n\n<p>A situa\u00e7\u00e3o, que teve um desfecho tr\u00e1gico, levanta quest\u00f5es sobre a viol\u00eancia dom\u00e9stica e a necessidade de medidas de prote\u00e7\u00e3o para as v\u00edtimas. A Pol\u00edcia Civil investiga o caso e a motiva\u00e7\u00e3o dos atos de viol\u00eancia, buscando conscientizar a popula\u00e7\u00e3o sobre a import\u00e2ncia de denunciar agress\u00f5es e buscar ajuda em situa\u00e7\u00f5es semelhantes.<\/p>\n","protected":false},"excerpt":{"rendered":"<p>Na manh\u00e3 desta serxta-feira, 27 de setembro, uma mulher procurou o Pronto Atendimento local ap\u00f3s ser brutalmente agredida por seu ex-marido. Conforme informa\u00e7\u00f5es coletadas pela equipe de reportagem, a v\u00edtima, que estava em processo de separa\u00e7\u00e3o, relatou que j\u00e1 residia na mesma casa que o autor, mesmo ap\u00f3s a decis\u00e3o de terminar o relacionamento, que [&hellip;]<\/p>\n","protected":false},"author":2,"featured_media":28051,"comment_status":"open","ping_status":"open","sticky":false,"template":"","format":"standard","meta":{"footnotes":""},"categories":[185],"tags":[172],"class_list":["post-28049","post","type-post","status-publish","format-standard","has-post-thumbnail","hentry","category-regional","tag-featured"],"amp_enabled":true,"_links":{"self":[{"href":"https:\/\/radiostudiow.com.br\/site\/wp-json\/wp\/v2\/posts\/28049","targetHints":{"allow":["GET"]}}],"collection":[{"href":"https:\/\/radiostudiow.com.br\/site\/wp-json\/wp\/v2\/posts"}],"about":[{"href":"https:\/\/radiostudiow.com.br\/site\/wp-json\/wp\/v2\/types\/post"}],"author":[{"embeddable":true,"href":"https:\/\/radiostudiow.com.br\/site\/wp-json\/wp\/v2\/users\/2"}],"replies":[{"embeddable":true,"href":"https:\/\/radiostudiow.com.br\/site\/wp-json\/wp\/v2\/comments?post=28049"}],"version-history":[{"count":2,"href":"https:\/\/radiostudiow.com.br\/site\/wp-json\/wp\/v2\/posts\/28049\/revisions"}],"predecessor-version":[{"id":28053,"href":"https:\/\/radiostudiow.com.br\/site\/wp-json\/wp\/v2\/posts\/28049\/revisions\/28053"}],"wp:featuredmedia":[{"embeddable":true,"href":"https:\/\/radiostudiow.com.br\/site\/wp-json\/wp\/v2\/media\/28051"}],"wp:attachment":[{"href":"https:\/\/radiostudiow.com.br\/site\/wp-json\/wp\/v2\/media?parent=28049"}],"wp:term":[{"taxonomy":"category","embeddable":true,"href":"https:\/\/radiostudiow.com.br\/site\/wp-json\/wp\/v2\/categories?post=28049"},{"taxonomy":"post_tag","embeddable":true,"href":"https:\/\/radiostudiow.com.br\/site\/wp-json\/wp\/v2\/tags?post=28049"}],"curies":[{"name":"wp","href":"https:\/\/api.w.org\/{rel}","templated":true}]}}