{"id":28071,"date":"2024-09-27T18:34:04","date_gmt":"2024-09-27T21:34:04","guid":{"rendered":"https:\/\/radiostudiow.com.br\/site\/?p=28071"},"modified":"2025-01-31T14:58:24","modified_gmt":"2025-01-31T17:58:24","slug":"homem-e-preso-em-sao-joao-do-triunfo-por-tentativa-de-homicidio","status":"publish","type":"post","link":"https:\/\/radiostudiow.com.br\/site\/2024\/09\/27\/homem-e-preso-em-sao-joao-do-triunfo-por-tentativa-de-homicidio\/","title":{"rendered":"Homem \u00e9 preso em S\u00e3o Jo\u00e3o do Triunfo por tentativa de homic\u00eddio"},"content":{"rendered":"\n<p>A equipe do SAMU de S\u00e3o Jo\u00e3o do Triunfo foi acionada para atender uma ocorr\u00eancia tipo ferimento por arma branca na rodovi\u00e1ria do munic\u00edpio por volta das 15:45 horas desta sexta-feira (27).<\/p>\n\n\n\n<p>Imediatamente a equipe deslocou e prestou atendimento para um homem que estava com ferimentos graves oriundos de golpes de faca na regi\u00e3o do t\u00f3rax. O homem de 60 anos foi encaminhado para o Hospital Imaculada Concei\u00e7\u00e3o o qual passa por exames.<\/p>\n\n\n\n<figure class=\"wp-block-image size-full\"><img loading=\"lazy\" decoding=\"async\" width=\"897\" height=\"204\" src=\"https:\/\/radiostudiow.com.br\/site\/wp-content\/uploads\/2024\/08\/TIJOLAO.png\" alt=\"\" class=\"wp-image-25951\" srcset=\"https:\/\/radiostudiow.com.br\/site\/wp-content\/uploads\/2024\/08\/TIJOLAO.png 897w, https:\/\/radiostudiow.com.br\/site\/wp-content\/uploads\/2024\/08\/TIJOLAO-300x68.png 300w, https:\/\/radiostudiow.com.br\/site\/wp-content\/uploads\/2024\/08\/TIJOLAO-768x175.png 768w\" sizes=\"auto, (max-width: 897px) 100vw, 897px\" \/><\/figure>\n\n\n\n<p>Rapidamente as equipes da Policia Militar e Policia Civil deslocaram para atendimento e abordaram o suspeito de ter efetuado os golpes de faca na vitima. O suspeito tem 53 anos e foi encaminhado para a delegacia de Policia Civil para serem tomadas as devidas providencias cab\u00edveis<\/p>\n\n\n\n<p>De acordo com informa\u00e7\u00f5es o suspeito chegou ate o homem e efetuou alguns golpes de faca no mesmo e ao sair do local as equipes realizaram a pris\u00e3o.<\/p>\n","protected":false},"excerpt":{"rendered":"<p>A equipe do SAMU de S\u00e3o Jo\u00e3o do Triunfo foi acionada para atender uma ocorr\u00eancia tipo ferimento por arma branca na rodovi\u00e1ria do munic\u00edpio por volta das 15:45 horas desta sexta-feira (27). Imediatamente a equipe deslocou e prestou atendimento para um homem que estava com ferimentos graves oriundos de golpes de faca na regi\u00e3o do [&hellip;]<\/p>\n","protected":false},"author":2,"featured_media":16838,"comment_status":"open","ping_status":"open","sticky":false,"template":"","format":"standard","meta":{"footnotes":""},"categories":[2],"tags":[172],"class_list":["post-28071","post","type-post","status-publish","format-standard","has-post-thumbnail","hentry","category-policial","tag-featured"],"amp_enabled":true,"_links":{"self":[{"href":"https:\/\/radiostudiow.com.br\/site\/wp-json\/wp\/v2\/posts\/28071","targetHints":{"allow":["GET"]}}],"collection":[{"href":"https:\/\/radiostudiow.com.br\/site\/wp-json\/wp\/v2\/posts"}],"about":[{"href":"https:\/\/radiostudiow.com.br\/site\/wp-json\/wp\/v2\/types\/post"}],"author":[{"embeddable":true,"href":"https:\/\/radiostudiow.com.br\/site\/wp-json\/wp\/v2\/users\/2"}],"replies":[{"embeddable":true,"href":"https:\/\/radiostudiow.com.br\/site\/wp-json\/wp\/v2\/comments?post=28071"}],"version-history":[{"count":2,"href":"https:\/\/radiostudiow.com.br\/site\/wp-json\/wp\/v2\/posts\/28071\/revisions"}],"predecessor-version":[{"id":28073,"href":"https:\/\/radiostudiow.com.br\/site\/wp-json\/wp\/v2\/posts\/28071\/revisions\/28073"}],"wp:featuredmedia":[{"embeddable":true,"href":"https:\/\/radiostudiow.com.br\/site\/wp-json\/wp\/v2\/media\/16838"}],"wp:attachment":[{"href":"https:\/\/radiostudiow.com.br\/site\/wp-json\/wp\/v2\/media?parent=28071"}],"wp:term":[{"taxonomy":"category","embeddable":true,"href":"https:\/\/radiostudiow.com.br\/site\/wp-json\/wp\/v2\/categories?post=28071"},{"taxonomy":"post_tag","embeddable":true,"href":"https:\/\/radiostudiow.com.br\/site\/wp-json\/wp\/v2\/tags?post=28071"}],"curies":[{"name":"wp","href":"https:\/\/api.w.org\/{rel}","templated":true}]}}