{"id":28094,"date":"2024-09-28T08:30:19","date_gmt":"2024-09-28T11:30:19","guid":{"rendered":"https:\/\/radiostudiow.com.br\/site\/?p=28094"},"modified":"2025-01-31T14:58:24","modified_gmt":"2025-01-31T17:58:24","slug":"mulher-e-encontrada-morta-dentro-de-casa-em-uniao-da-vitoria-policia-confirma-homicidio","status":"publish","type":"post","link":"https:\/\/radiostudiow.com.br\/site\/2024\/09\/28\/mulher-e-encontrada-morta-dentro-de-casa-em-uniao-da-vitoria-policia-confirma-homicidio\/","title":{"rendered":"Mulher \u00e9 encontrada morta dentro de casa em Uni\u00e3o da Vit\u00f3ria. Pol\u00edcia analisa poss\u00edvel homic\u00eddio"},"content":{"rendered":"\n<p>Equipes da Pol\u00edcia Militar, do Instituto de Criminal\u00edstica e da Pol\u00edcia Civil de Uni\u00e3o da Vit\u00f3ria foram chamadas na tarde desta quinta-feira (26), na avenida Wilkys Correa, no bairro S\u00e3o Br\u00e1s, na casa onde morava a jovem Franciane C. Brixi, de 33 anos, que estava desaparecida h\u00e1 cinco dias. O corpo de Franciane foi encontrado no interior do im\u00f3vel.<\/p>\n\n\n\n<figure class=\"wp-block-image size-large is-resized\"><img decoding=\"async\" src=\"https:\/\/radiostudiow.com.br\/site\/wp-content\/uploads\/2024\/05\/86140-nacional-tv-coops-comunicacao-interna-pos-campanha-de-educacao-financeira-2024-1-1024x576.png\" alt=\"\" class=\"wp-image-23087\" style=\"width:631px;height:auto\"\/><\/figure>\n\n\n\n<p>A jovem tinha sido vista pela \u00faltima vez no s\u00e1bado (21), quando saiu do trabalho e n\u00e3o foi mais vista. Desde ent\u00e3o, ela n\u00e3o atendia liga\u00e7\u00f5es e sua casa estava trancada. Segundo as autoridades, o carro da v\u00edtima, um Ford Ka de cor preta, n\u00e3o estava no im\u00f3vel onde o corpo de Franciane foi localizado.<\/p>\n\n\n\n<p>De acordo com o&nbsp;Portal Vvale, a pol\u00edcia descartou a hip\u00f3tese de suic\u00eddio e confirmou que Franciane morreu por&nbsp;estrangulamento, e o \u00f3bito foi recente, apesar da v\u00edtima estar desaparecida h\u00e1 cinco dias.&nbsp;As investiga\u00e7\u00f5es est\u00e3o em andamento para esclarecer o crime.<\/p>\n\n\n\n<figure class=\"wp-block-gallery has-nested-images columns-default is-cropped wp-block-gallery-1 is-layout-flex wp-block-gallery-is-layout-flex\">\n<figure class=\"wp-block-image size-large\"><img loading=\"lazy\" decoding=\"async\" width=\"1024\" height=\"1024\" data-id=\"28097\" src=\"https:\/\/radiostudiow.com.br\/site\/wp-content\/uploads\/2024\/09\/02-6-1024x1024.jpeg\" alt=\"\" class=\"wp-image-28097\" srcset=\"https:\/\/radiostudiow.com.br\/site\/wp-content\/uploads\/2024\/09\/02-6-1024x1024.jpeg 1024w, https:\/\/radiostudiow.com.br\/site\/wp-content\/uploads\/2024\/09\/02-6-300x300.jpeg 300w, https:\/\/radiostudiow.com.br\/site\/wp-content\/uploads\/2024\/09\/02-6-768x768.jpeg 768w, https:\/\/radiostudiow.com.br\/site\/wp-content\/uploads\/2024\/09\/02-6-80x80.jpeg 80w, https:\/\/radiostudiow.com.br\/site\/wp-content\/uploads\/2024\/09\/02-6.jpeg 1068w\" sizes=\"auto, (max-width: 1024px) 100vw, 1024px\" \/><\/figure>\n\n\n\n<figure class=\"wp-block-image size-large\"><img loading=\"lazy\" decoding=\"async\" width=\"450\" height=\"600\" data-id=\"28096\" src=\"https:\/\/radiostudiow.com.br\/site\/wp-content\/uploads\/2024\/09\/03-4.jpeg\" alt=\"\" class=\"wp-image-28096\" srcset=\"https:\/\/radiostudiow.com.br\/site\/wp-content\/uploads\/2024\/09\/03-4.jpeg 450w, https:\/\/radiostudiow.com.br\/site\/wp-content\/uploads\/2024\/09\/03-4-225x300.jpeg 225w\" sizes=\"auto, (max-width: 450px) 100vw, 450px\" \/><\/figure>\n<\/figure>\n","protected":false},"excerpt":{"rendered":"<p>Equipes da Pol\u00edcia Militar, do Instituto de Criminal\u00edstica e da Pol\u00edcia Civil de Uni\u00e3o da Vit\u00f3ria foram chamadas na tarde desta quinta-feira (26), na avenida Wilkys Correa, no bairro S\u00e3o Br\u00e1s, na casa onde morava a jovem Franciane C. Brixi, de 33 anos, que estava desaparecida h\u00e1 cinco dias. O corpo de Franciane foi encontrado [&hellip;]<\/p>\n","protected":false},"author":2,"featured_media":28095,"comment_status":"open","ping_status":"open","sticky":false,"template":"","format":"standard","meta":{"footnotes":""},"categories":[2],"tags":[172],"class_list":["post-28094","post","type-post","status-publish","format-standard","has-post-thumbnail","hentry","category-policial","tag-featured"],"amp_enabled":true,"_links":{"self":[{"href":"https:\/\/radiostudiow.com.br\/site\/wp-json\/wp\/v2\/posts\/28094","targetHints":{"allow":["GET"]}}],"collection":[{"href":"https:\/\/radiostudiow.com.br\/site\/wp-json\/wp\/v2\/posts"}],"about":[{"href":"https:\/\/radiostudiow.com.br\/site\/wp-json\/wp\/v2\/types\/post"}],"author":[{"embeddable":true,"href":"https:\/\/radiostudiow.com.br\/site\/wp-json\/wp\/v2\/users\/2"}],"replies":[{"embeddable":true,"href":"https:\/\/radiostudiow.com.br\/site\/wp-json\/wp\/v2\/comments?post=28094"}],"version-history":[{"count":2,"href":"https:\/\/radiostudiow.com.br\/site\/wp-json\/wp\/v2\/posts\/28094\/revisions"}],"predecessor-version":[{"id":28120,"href":"https:\/\/radiostudiow.com.br\/site\/wp-json\/wp\/v2\/posts\/28094\/revisions\/28120"}],"wp:featuredmedia":[{"embeddable":true,"href":"https:\/\/radiostudiow.com.br\/site\/wp-json\/wp\/v2\/media\/28095"}],"wp:attachment":[{"href":"https:\/\/radiostudiow.com.br\/site\/wp-json\/wp\/v2\/media?parent=28094"}],"wp:term":[{"taxonomy":"category","embeddable":true,"href":"https:\/\/radiostudiow.com.br\/site\/wp-json\/wp\/v2\/categories?post=28094"},{"taxonomy":"post_tag","embeddable":true,"href":"https:\/\/radiostudiow.com.br\/site\/wp-json\/wp\/v2\/tags?post=28094"}],"curies":[{"name":"wp","href":"https:\/\/api.w.org\/{rel}","templated":true}]}}