{"id":28099,"date":"2024-09-28T08:38:30","date_gmt":"2024-09-28T11:38:30","guid":{"rendered":"https:\/\/radiostudiow.com.br\/site\/?p=28099"},"modified":"2025-01-31T14:58:24","modified_gmt":"2025-01-31T17:58:24","slug":"motorista-fica-preso-as-ferragens-em-acidente-com-dois-caminhoes-na-br-476-em-paulo-frontin","status":"publish","type":"post","link":"https:\/\/radiostudiow.com.br\/site\/2024\/09\/28\/motorista-fica-preso-as-ferragens-em-acidente-com-dois-caminhoes-na-br-476-em-paulo-frontin\/","title":{"rendered":"Motorista fica preso \u00e0s ferragens em acidente com dois caminh\u00f5es na BR-476 em Paulo Frontin"},"content":{"rendered":"\n<figure class=\"wp-block-image size-full\"><img decoding=\"async\" src=\"https:\/\/radiostudiow.com.br\/site\/wp-content\/uploads\/2024\/04\/SITE-MEDIO.png\" alt=\"\" class=\"wp-image-21854\"\/><\/figure>\n\n\n\n<p>O equipe do Corpo de Bombeiros, SAMU e Pol\u00edcia Rodovi\u00e1ria Federal (PRF) atenderam na noite desta quinta-feira, 26 de setembro, um acidente envolvendo dois caminh\u00f5es na BR-476, na altura do quil\u00f4metro 315, na regi\u00e3o do Limoeiro em Paulo Frontin.<\/p>\n\n\n\n<figure class=\"wp-block-image size-large\"><img loading=\"lazy\" decoding=\"async\" width=\"1024\" height=\"769\" src=\"https:\/\/radiostudiow.com.br\/site\/wp-content\/uploads\/2024\/09\/07-1-1024x769.jpeg\" alt=\"\" class=\"wp-image-28103\" srcset=\"https:\/\/radiostudiow.com.br\/site\/wp-content\/uploads\/2024\/09\/07-1-1024x769.jpeg 1024w, https:\/\/radiostudiow.com.br\/site\/wp-content\/uploads\/2024\/09\/07-1-300x225.jpeg 300w, https:\/\/radiostudiow.com.br\/site\/wp-content\/uploads\/2024\/09\/07-1-768x577.jpeg 768w, https:\/\/radiostudiow.com.br\/site\/wp-content\/uploads\/2024\/09\/07-1.jpeg 1068w\" sizes=\"auto, (max-width: 1024px) 100vw, 1024px\" \/><\/figure>\n\n\n\n<p>No local, as equipes encontraram um caminh\u00e3o parcialmente sobre a rodovia, enquanto que o outro estava no acostamento. Em um deles, uma equipe de enfermeiros de Paulo Frontin e componentes do SAMU de Uni\u00e3o da Vit\u00f3ria prestavam atendimento \u00e0 uma das v\u00edtimas no interior de um caminh\u00e3o Scania, que ficou preso \u00e0s ferragens e foi socorrido para atendimento m\u00e9dico.<\/p>\n\n\n\n<p>J\u00e1 no caminh\u00e3o Mercedes o motorista estava ileso e recusou atendimento m\u00e9dico. At\u00e9 o momento n\u00e3o foi repassado as causas do acidente.<\/p>\n\n\n\n<figure class=\"wp-block-image size-full\"><img loading=\"lazy\" decoding=\"async\" width=\"897\" height=\"204\" src=\"https:\/\/radiostudiow.com.br\/site\/wp-content\/uploads\/2024\/04\/image-50.png\" alt=\"\" class=\"wp-image-21368\" srcset=\"https:\/\/radiostudiow.com.br\/site\/wp-content\/uploads\/2024\/04\/image-50.png 897w, https:\/\/radiostudiow.com.br\/site\/wp-content\/uploads\/2024\/04\/image-50-300x68.png 300w, https:\/\/radiostudiow.com.br\/site\/wp-content\/uploads\/2024\/04\/image-50-768x175.png 768w\" sizes=\"auto, (max-width: 897px) 100vw, 897px\" \/><\/figure>\n\n\n\n<figure class=\"wp-block-gallery has-nested-images columns-default is-cropped wp-block-gallery-1 is-layout-flex wp-block-gallery-is-layout-flex\">\n<figure class=\"wp-block-image size-large\"><img loading=\"lazy\" decoding=\"async\" width=\"769\" height=\"1024\" data-id=\"28101\" src=\"https:\/\/radiostudiow.com.br\/site\/wp-content\/uploads\/2024\/09\/06-1.png\" alt=\"\" class=\"wp-image-28101\" srcset=\"https:\/\/radiostudiow.com.br\/site\/wp-content\/uploads\/2024\/09\/06-1.png 769w, https:\/\/radiostudiow.com.br\/site\/wp-content\/uploads\/2024\/09\/06-1-225x300.png 225w\" sizes=\"auto, (max-width: 769px) 100vw, 769px\" \/><\/figure>\n\n\n\n<figure class=\"wp-block-image size-full\"><img loading=\"lazy\" decoding=\"async\" width=\"769\" height=\"1024\" data-id=\"28100\" src=\"https:\/\/radiostudiow.com.br\/site\/wp-content\/uploads\/2024\/09\/05-3.png\" alt=\"\" class=\"wp-image-28100\" srcset=\"https:\/\/radiostudiow.com.br\/site\/wp-content\/uploads\/2024\/09\/05-3.png 769w, https:\/\/radiostudiow.com.br\/site\/wp-content\/uploads\/2024\/09\/05-3-225x300.png 225w\" sizes=\"auto, (max-width: 769px) 100vw, 769px\" \/><\/figure>\n<\/figure>\n","protected":false},"excerpt":{"rendered":"<p>O equipe do Corpo de Bombeiros, SAMU e Pol\u00edcia Rodovi\u00e1ria Federal (PRF) atenderam na noite desta quinta-feira, 26 de setembro, um acidente envolvendo dois caminh\u00f5es na BR-476, na altura do quil\u00f4metro 315, na regi\u00e3o do Limoeiro em Paulo Frontin. No local, as equipes encontraram um caminh\u00e3o parcialmente sobre a rodovia, enquanto que o outro estava [&hellip;]<\/p>\n","protected":false},"author":2,"featured_media":28102,"comment_status":"open","ping_status":"open","sticky":false,"template":"","format":"standard","meta":{"footnotes":""},"categories":[185],"tags":[172],"class_list":["post-28099","post","type-post","status-publish","format-standard","has-post-thumbnail","hentry","category-regional","tag-featured"],"amp_enabled":true,"_links":{"self":[{"href":"https:\/\/radiostudiow.com.br\/site\/wp-json\/wp\/v2\/posts\/28099","targetHints":{"allow":["GET"]}}],"collection":[{"href":"https:\/\/radiostudiow.com.br\/site\/wp-json\/wp\/v2\/posts"}],"about":[{"href":"https:\/\/radiostudiow.com.br\/site\/wp-json\/wp\/v2\/types\/post"}],"author":[{"embeddable":true,"href":"https:\/\/radiostudiow.com.br\/site\/wp-json\/wp\/v2\/users\/2"}],"replies":[{"embeddable":true,"href":"https:\/\/radiostudiow.com.br\/site\/wp-json\/wp\/v2\/comments?post=28099"}],"version-history":[{"count":1,"href":"https:\/\/radiostudiow.com.br\/site\/wp-json\/wp\/v2\/posts\/28099\/revisions"}],"predecessor-version":[{"id":28104,"href":"https:\/\/radiostudiow.com.br\/site\/wp-json\/wp\/v2\/posts\/28099\/revisions\/28104"}],"wp:featuredmedia":[{"embeddable":true,"href":"https:\/\/radiostudiow.com.br\/site\/wp-json\/wp\/v2\/media\/28102"}],"wp:attachment":[{"href":"https:\/\/radiostudiow.com.br\/site\/wp-json\/wp\/v2\/media?parent=28099"}],"wp:term":[{"taxonomy":"category","embeddable":true,"href":"https:\/\/radiostudiow.com.br\/site\/wp-json\/wp\/v2\/categories?post=28099"},{"taxonomy":"post_tag","embeddable":true,"href":"https:\/\/radiostudiow.com.br\/site\/wp-json\/wp\/v2\/tags?post=28099"}],"curies":[{"name":"wp","href":"https:\/\/api.w.org\/{rel}","templated":true}]}}