{"id":28105,"date":"2024-09-28T08:40:57","date_gmt":"2024-09-28T11:40:57","guid":{"rendered":"https:\/\/radiostudiow.com.br\/site\/?p=28105"},"modified":"2025-01-31T14:58:24","modified_gmt":"2025-01-31T17:58:24","slug":"homem-e-encontrado-inconsciente-e-com-ferimentos-graves-na-cabeca-em-sao-mateus-do-sul","status":"publish","type":"post","link":"https:\/\/radiostudiow.com.br\/site\/2024\/09\/28\/homem-e-encontrado-inconsciente-e-com-ferimentos-graves-na-cabeca-em-sao-mateus-do-sul\/","title":{"rendered":"Homem \u00e9 encontrado inconsciente e com ferimentos graves na cabe\u00e7a em S\u00e3o Mateus do Sul"},"content":{"rendered":"\n<p>Um homem foi encontrado inconsciente nas proximidades da pista de caminhada do Gin\u00e1sio Municipal de Esportes Polac\u00e3o em S\u00e3o Mateus do Sul na madrugada de quinta-feira (26).<\/p>\n\n\n\n<p>De acordo com informa\u00e7\u00f5es de populares que passavam pelo local, a v\u00edtima, foi avistado ca\u00eddo e, imediatamente, o Samu foi acionado.<\/p>\n\n\n\n<figure class=\"wp-block-image size-full\"><img decoding=\"async\" src=\"https:\/\/radiostudiow.com.br\/site\/wp-content\/uploads\/2024\/04\/image-42.png\" alt=\"\" class=\"wp-image-21334\"\/><\/figure>\n\n\n\n<p>O ferido estava deitado, com as roupas inferiores abaixo dos joelhos.&nbsp;Al\u00e9m disso, a v\u00edtima apresentava contus\u00f5es no cr\u00e2nio, face, pesco\u00e7o, t\u00f3rax, e nos membros superiores e inferiores. Ele precisou ser transferido para o Hospital Regional em Uni\u00e3o da Vit\u00f3ria devido a gravidade dos ferimentos.<\/p>\n\n\n\n<p>At\u00e9 o momento a v\u00edtima n\u00e3o foi identificada, ele n\u00e3o portava documentos. Testemunhas mencionaram que o ferido se envolveu em uma briga. Ele tem cabelos castanhos, pele branca e \u00e9 magro.<\/p>\n","protected":false},"excerpt":{"rendered":"<p>Um homem foi encontrado inconsciente nas proximidades da pista de caminhada do Gin\u00e1sio Municipal de Esportes Polac\u00e3o em S\u00e3o Mateus do Sul na madrugada de quinta-feira (26). De acordo com informa\u00e7\u00f5es de populares que passavam pelo local, a v\u00edtima, foi avistado ca\u00eddo e, imediatamente, o Samu foi acionado. O ferido estava deitado, com as roupas [&hellip;]<\/p>\n","protected":false},"author":2,"featured_media":27687,"comment_status":"open","ping_status":"open","sticky":false,"template":"","format":"standard","meta":{"footnotes":""},"categories":[185],"tags":[172],"class_list":["post-28105","post","type-post","status-publish","format-standard","has-post-thumbnail","hentry","category-regional","tag-featured"],"amp_enabled":true,"_links":{"self":[{"href":"https:\/\/radiostudiow.com.br\/site\/wp-json\/wp\/v2\/posts\/28105","targetHints":{"allow":["GET"]}}],"collection":[{"href":"https:\/\/radiostudiow.com.br\/site\/wp-json\/wp\/v2\/posts"}],"about":[{"href":"https:\/\/radiostudiow.com.br\/site\/wp-json\/wp\/v2\/types\/post"}],"author":[{"embeddable":true,"href":"https:\/\/radiostudiow.com.br\/site\/wp-json\/wp\/v2\/users\/2"}],"replies":[{"embeddable":true,"href":"https:\/\/radiostudiow.com.br\/site\/wp-json\/wp\/v2\/comments?post=28105"}],"version-history":[{"count":1,"href":"https:\/\/radiostudiow.com.br\/site\/wp-json\/wp\/v2\/posts\/28105\/revisions"}],"predecessor-version":[{"id":28106,"href":"https:\/\/radiostudiow.com.br\/site\/wp-json\/wp\/v2\/posts\/28105\/revisions\/28106"}],"wp:featuredmedia":[{"embeddable":true,"href":"https:\/\/radiostudiow.com.br\/site\/wp-json\/wp\/v2\/media\/27687"}],"wp:attachment":[{"href":"https:\/\/radiostudiow.com.br\/site\/wp-json\/wp\/v2\/media?parent=28105"}],"wp:term":[{"taxonomy":"category","embeddable":true,"href":"https:\/\/radiostudiow.com.br\/site\/wp-json\/wp\/v2\/categories?post=28105"},{"taxonomy":"post_tag","embeddable":true,"href":"https:\/\/radiostudiow.com.br\/site\/wp-json\/wp\/v2\/tags?post=28105"}],"curies":[{"name":"wp","href":"https:\/\/api.w.org\/{rel}","templated":true}]}}