{"id":28112,"date":"2024-09-28T09:06:39","date_gmt":"2024-09-28T12:06:39","guid":{"rendered":"https:\/\/radiostudiow.com.br\/site\/?p=28112"},"modified":"2025-01-31T14:58:24","modified_gmt":"2025-01-31T17:58:24","slug":"homem-e-preso-por-caca-ilegal-e-posse-irregular-de-arma-de-fogo-em-paulo-frontin","status":"publish","type":"post","link":"https:\/\/radiostudiow.com.br\/site\/2024\/09\/28\/homem-e-preso-por-caca-ilegal-e-posse-irregular-de-arma-de-fogo-em-paulo-frontin\/","title":{"rendered":"Homem \u00e9 preso por ca\u00e7a ilegal e posse irregular de arma de fogo em Paulo Frontin"},"content":{"rendered":"\n<p>A equipe da Pol\u00edcia Militar de Paulo Frontin estava em patrulhamento quando foi abordada por um senhor, o qual passou a relatar uma situa\u00e7\u00e3o de ca\u00e7a ilegal por volta 16:50 horas desta quinta-feira (26).<\/p>\n\n\n\n<figure class=\"wp-block-image size-full\"><img loading=\"lazy\" decoding=\"async\" width=\"897\" height=\"204\" src=\"https:\/\/radiostudiow.com.br\/site\/wp-content\/uploads\/2024\/04\/image-37.png\" alt=\"\" class=\"wp-image-21305\" srcset=\"https:\/\/radiostudiow.com.br\/site\/wp-content\/uploads\/2024\/04\/image-37.png 897w, https:\/\/radiostudiow.com.br\/site\/wp-content\/uploads\/2024\/04\/image-37-300x68.png 300w, https:\/\/radiostudiow.com.br\/site\/wp-content\/uploads\/2024\/04\/image-37-768x175.png 768w\" sizes=\"auto, (max-width: 897px) 100vw, 897px\" \/><\/figure>\n\n\n\n<p>Os policiais se deslocaram pr\u00f3ximo \u00e0 Col\u00f4nia Vera Guarani, aonde um indiv\u00edduo estava realizando disparos de arma de fogo e praticando ca\u00e7a ilegal de animais silvestres, foi localizado o autor e tr\u00eas armas de fogo tipo espingarda.<\/p>\n\n\n\n<p>Diante dos fatos foi realizada a apreens\u00e3o do armamento irregular, dado voz de pris\u00e3o ao autor por posse irregular de arma de fogo e ca\u00e7a ilegal e conduzido at\u00e9 a 4\u00aa SDP de Uni\u00e3o da Vit\u00f3ria.<\/p>\n","protected":false},"excerpt":{"rendered":"<p>A equipe da Pol\u00edcia Militar de Paulo Frontin estava em patrulhamento quando foi abordada por um senhor, o qual passou a relatar uma situa\u00e7\u00e3o de ca\u00e7a ilegal por volta 16:50 horas desta quinta-feira (26). Os policiais se deslocaram pr\u00f3ximo \u00e0 Col\u00f4nia Vera Guarani, aonde um indiv\u00edduo estava realizando disparos de arma de fogo e praticando [&hellip;]<\/p>\n","protected":false},"author":2,"featured_media":24732,"comment_status":"open","ping_status":"open","sticky":false,"template":"","format":"standard","meta":{"footnotes":""},"categories":[2],"tags":[172],"class_list":["post-28112","post","type-post","status-publish","format-standard","has-post-thumbnail","hentry","category-policial","tag-featured"],"amp_enabled":true,"_links":{"self":[{"href":"https:\/\/radiostudiow.com.br\/site\/wp-json\/wp\/v2\/posts\/28112","targetHints":{"allow":["GET"]}}],"collection":[{"href":"https:\/\/radiostudiow.com.br\/site\/wp-json\/wp\/v2\/posts"}],"about":[{"href":"https:\/\/radiostudiow.com.br\/site\/wp-json\/wp\/v2\/types\/post"}],"author":[{"embeddable":true,"href":"https:\/\/radiostudiow.com.br\/site\/wp-json\/wp\/v2\/users\/2"}],"replies":[{"embeddable":true,"href":"https:\/\/radiostudiow.com.br\/site\/wp-json\/wp\/v2\/comments?post=28112"}],"version-history":[{"count":1,"href":"https:\/\/radiostudiow.com.br\/site\/wp-json\/wp\/v2\/posts\/28112\/revisions"}],"predecessor-version":[{"id":28113,"href":"https:\/\/radiostudiow.com.br\/site\/wp-json\/wp\/v2\/posts\/28112\/revisions\/28113"}],"wp:featuredmedia":[{"embeddable":true,"href":"https:\/\/radiostudiow.com.br\/site\/wp-json\/wp\/v2\/media\/24732"}],"wp:attachment":[{"href":"https:\/\/radiostudiow.com.br\/site\/wp-json\/wp\/v2\/media?parent=28112"}],"wp:term":[{"taxonomy":"category","embeddable":true,"href":"https:\/\/radiostudiow.com.br\/site\/wp-json\/wp\/v2\/categories?post=28112"},{"taxonomy":"post_tag","embeddable":true,"href":"https:\/\/radiostudiow.com.br\/site\/wp-json\/wp\/v2\/tags?post=28112"}],"curies":[{"name":"wp","href":"https:\/\/api.w.org\/{rel}","templated":true}]}}