{"id":28121,"date":"2024-09-28T10:45:52","date_gmt":"2024-09-28T13:45:52","guid":{"rendered":"https:\/\/radiostudiow.com.br\/site\/?p=28121"},"modified":"2025-01-31T14:58:24","modified_gmt":"2025-01-31T17:58:24","slug":"jovem-perde-a-vida-apos-colidir-frontalmente-em-caminhao-na-br-476-em-sao-mateus-do-sul","status":"publish","type":"post","link":"https:\/\/radiostudiow.com.br\/site\/2024\/09\/28\/jovem-perde-a-vida-apos-colidir-frontalmente-em-caminhao-na-br-476-em-sao-mateus-do-sul\/","title":{"rendered":"Jovem perde a vida ap\u00f3s colidir frontalmente em caminh\u00e3o na BR-476 em S\u00e3o Mateus do Sul"},"content":{"rendered":"\n<p>Um acidente grave foi registrado na BR-476 por volta de 02:45 horas deste s\u00e1bado, 28 de setembro, no km 299, no distrito de Fluvi\u00f3polis que vitimou fatalmente um jovem de S\u00e3o Mateus do Sul. <strong>A v\u00edtima foi identificado como Tiago Matheus dos Santos Tkaczyk, de 25 anos morador do distrito de Fluviopolis.<\/strong><\/p>\n\n\n\n<figure class=\"wp-block-image size-full is-resized\"><img loading=\"lazy\" decoding=\"async\" width=\"960\" height=\"958\" src=\"https:\/\/radiostudiow.com.br\/site\/wp-content\/uploads\/2024\/09\/image-81.png\" alt=\"\" class=\"wp-image-28122\" style=\"width:467px;height:auto\" srcset=\"https:\/\/radiostudiow.com.br\/site\/wp-content\/uploads\/2024\/09\/image-81.png 960w, https:\/\/radiostudiow.com.br\/site\/wp-content\/uploads\/2024\/09\/image-81-300x300.png 300w, https:\/\/radiostudiow.com.br\/site\/wp-content\/uploads\/2024\/09\/image-81-768x766.png 768w, https:\/\/radiostudiow.com.br\/site\/wp-content\/uploads\/2024\/09\/image-81-80x80.png 80w\" sizes=\"auto, (max-width: 960px) 100vw, 960px\" \/><\/figure>\n\n\n\n<p>De acordo com informa\u00e7\u00f5es a carreta seguia sentido Uni\u00e3o da Vit\u00f3ria quando o motorista percebeu que o Fiat\/Palio que seguia no sentido contr\u00e1rio invadiu a pista e a colis\u00e3o frontal n\u00e3o pode ser evitada.&nbsp;O motorista contou que tudo foi muito r\u00e1pido e ele n\u00e3o conseguiu evitar a colis\u00e3o.&nbsp;<\/p>\n\n\n\n<figure class=\"wp-block-image size-full\"><img decoding=\"async\" src=\"https:\/\/radiostudiow.com.br\/site\/wp-content\/uploads\/2024\/04\/image-42.png\" alt=\"\" class=\"wp-image-21334\"\/><\/figure>\n\n\n\n<p>Equipes de socorro foram acionada, mas, ao chegar no local constataram que o motorista do ve\u00edculo j\u00e1 estava morto. A PRF esteve no local prestando atendimento e acionou os \u00f3rg\u00e3os competentes, Policia Civil, Instituto de Criminal\u00edstica e IML de Guarapuava para recolher o corpo.<\/p>\n\n\n\n<p>A carreta com placas de Almirante Tamandar\u00e9 carregada de calc\u00e1rio e indo para Palmas.<\/p>\n\n\n\n<figure class=\"wp-block-gallery has-nested-images columns-default is-cropped wp-block-gallery-1 is-layout-flex wp-block-gallery-is-layout-flex\">\n<figure class=\"wp-block-image size-large\"><img loading=\"lazy\" decoding=\"async\" width=\"600\" height=\"600\" data-id=\"28125\" src=\"https:\/\/radiostudiow.com.br\/site\/wp-content\/uploads\/2024\/09\/image-84.png\" alt=\"\" class=\"wp-image-28125\" srcset=\"https:\/\/radiostudiow.com.br\/site\/wp-content\/uploads\/2024\/09\/image-84.png 600w, https:\/\/radiostudiow.com.br\/site\/wp-content\/uploads\/2024\/09\/image-84-300x300.png 300w, https:\/\/radiostudiow.com.br\/site\/wp-content\/uploads\/2024\/09\/image-84-80x80.png 80w\" sizes=\"auto, (max-width: 600px) 100vw, 600px\" \/><\/figure>\n\n\n\n<figure class=\"wp-block-image size-large\"><img loading=\"lazy\" decoding=\"async\" width=\"600\" height=\"600\" data-id=\"28124\" src=\"https:\/\/radiostudiow.com.br\/site\/wp-content\/uploads\/2024\/09\/image-83.png\" alt=\"\" class=\"wp-image-28124\" srcset=\"https:\/\/radiostudiow.com.br\/site\/wp-content\/uploads\/2024\/09\/image-83.png 600w, https:\/\/radiostudiow.com.br\/site\/wp-content\/uploads\/2024\/09\/image-83-300x300.png 300w, https:\/\/radiostudiow.com.br\/site\/wp-content\/uploads\/2024\/09\/image-83-80x80.png 80w\" sizes=\"auto, (max-width: 600px) 100vw, 600px\" \/><\/figure>\n<\/figure>\n\n\n\n<p><em>Fonto: Portal V.Vale\/Clic Sul News<\/em><\/p>\n","protected":false},"excerpt":{"rendered":"<p>Um acidente grave foi registrado na BR-476 por volta de 02:45 horas deste s\u00e1bado, 28 de setembro, no km 299, no distrito de Fluvi\u00f3polis que vitimou fatalmente um jovem de S\u00e3o Mateus do Sul. A v\u00edtima foi identificado como Tiago Matheus dos Santos Tkaczyk, de 25 anos morador do distrito de Fluviopolis. De acordo com [&hellip;]<\/p>\n","protected":false},"author":2,"featured_media":28123,"comment_status":"open","ping_status":"open","sticky":false,"template":"","format":"standard","meta":{"footnotes":""},"categories":[185],"tags":[172],"class_list":["post-28121","post","type-post","status-publish","format-standard","has-post-thumbnail","hentry","category-regional","tag-featured"],"amp_enabled":true,"_links":{"self":[{"href":"https:\/\/radiostudiow.com.br\/site\/wp-json\/wp\/v2\/posts\/28121","targetHints":{"allow":["GET"]}}],"collection":[{"href":"https:\/\/radiostudiow.com.br\/site\/wp-json\/wp\/v2\/posts"}],"about":[{"href":"https:\/\/radiostudiow.com.br\/site\/wp-json\/wp\/v2\/types\/post"}],"author":[{"embeddable":true,"href":"https:\/\/radiostudiow.com.br\/site\/wp-json\/wp\/v2\/users\/2"}],"replies":[{"embeddable":true,"href":"https:\/\/radiostudiow.com.br\/site\/wp-json\/wp\/v2\/comments?post=28121"}],"version-history":[{"count":2,"href":"https:\/\/radiostudiow.com.br\/site\/wp-json\/wp\/v2\/posts\/28121\/revisions"}],"predecessor-version":[{"id":28128,"href":"https:\/\/radiostudiow.com.br\/site\/wp-json\/wp\/v2\/posts\/28121\/revisions\/28128"}],"wp:featuredmedia":[{"embeddable":true,"href":"https:\/\/radiostudiow.com.br\/site\/wp-json\/wp\/v2\/media\/28123"}],"wp:attachment":[{"href":"https:\/\/radiostudiow.com.br\/site\/wp-json\/wp\/v2\/media?parent=28121"}],"wp:term":[{"taxonomy":"category","embeddable":true,"href":"https:\/\/radiostudiow.com.br\/site\/wp-json\/wp\/v2\/categories?post=28121"},{"taxonomy":"post_tag","embeddable":true,"href":"https:\/\/radiostudiow.com.br\/site\/wp-json\/wp\/v2\/tags?post=28121"}],"curies":[{"name":"wp","href":"https:\/\/api.w.org\/{rel}","templated":true}]}}