{"id":28152,"date":"2024-10-01T09:24:31","date_gmt":"2024-10-01T12:24:31","guid":{"rendered":"https:\/\/radiostudiow.com.br\/site\/?p=28152"},"modified":"2025-01-31T14:58:24","modified_gmt":"2025-01-31T17:58:24","slug":"briga-generalizada-deixa-pessoas-feridas-e-lanchonete-com-danos-em-rio-claro-do-sul","status":"publish","type":"post","link":"https:\/\/radiostudiow.com.br\/site\/2024\/10\/01\/briga-generalizada-deixa-pessoas-feridas-e-lanchonete-com-danos-em-rio-claro-do-sul\/","title":{"rendered":"Briga generalizada deixa pessoas feridas e lanchonete com danos em Rio Claro Do Sul"},"content":{"rendered":"\n<p>A equipe da Pol\u00edcia Militar de Mallet foi acionada para conter uma briga generalizada durante a noite desse s\u00e1bado, 28 de setembro, em uma lanchonete no distrito de Rio Claro do Sul.<\/p>\n\n\n\n<figure class=\"wp-block-gallery has-nested-images columns-default is-cropped wp-block-gallery-1 is-layout-flex wp-block-gallery-is-layout-flex\">\n<figure class=\"wp-block-image size-large\"><img decoding=\"async\" data-id=\"21404\" src=\"https:\/\/radiostudiow.com.br\/site\/wp-content\/uploads\/2024\/04\/image-47.png\" alt=\"\" class=\"wp-image-21404\"\/><\/figure>\n<\/figure>\n\n\n\n<p>Segundo propriet\u00e1rio da Lanchonete, o local estava lotado quando um grupo com aproximadamente 7 pessoas, os quais n\u00e3o s\u00e3o moradores de Rio Claro, chegaram e pediram por\u00e7\u00e3o de comida e duas cervejas de garrafa. Ap\u00f3s uns 20 minutos come\u00e7aram uma briga.<\/p>\n\n\n\n<p>A ambul\u00e2ncia do plant\u00e3o de Rio Claro, foi acionada para atender os feridos. Duas pessoas foram levadas para o hospital de Mallet para serem atendidas. Uma levou cerca de 10 pontos na cabe\u00e7a e ferimentos nos bra\u00e7os e pernas.<\/p>\n\n\n\n<p>Segundo propriet\u00e1rio para a p\u00e1gina Rio Claro do Sul, o preju\u00edzo pode chegar a 5 mil reais com os danos. At\u00e9 a chegada dos policiais, os autores j\u00e1 tinham se evadido do local.<\/p>\n\n\n\n<figure class=\"wp-block-image size-large\"><img decoding=\"async\" src=\"https:\/\/radiostudiow.com.br\/site\/wp-content\/uploads\/2024\/10\/zm_0002_24AG_anuncio_261x83mm-1024x359.png\" alt=\"\" class=\"wp-image-28224\"\/><\/figure>\n\n\n\n<figure class=\"wp-block-video\"><video height=\"850\" style=\"aspect-ratio: 474 \/ 850;\" width=\"474\" controls src=\"https:\/\/radiostudiow.com.br\/site\/wp-content\/uploads\/2024\/09\/PM.mp4\"><\/video><\/figure>\n","protected":false},"excerpt":{"rendered":"<p>A equipe da Pol\u00edcia Militar de Mallet foi acionada para conter uma briga generalizada durante a noite desse s\u00e1bado, 28 de setembro, em uma lanchonete no distrito de Rio Claro do Sul. Segundo propriet\u00e1rio da Lanchonete, o local estava lotado quando um grupo com aproximadamente 7 pessoas, os quais n\u00e3o s\u00e3o moradores de Rio Claro, [&hellip;]<\/p>\n","protected":false},"author":2,"featured_media":28225,"comment_status":"open","ping_status":"open","sticky":false,"template":"","format":"standard","meta":{"footnotes":""},"categories":[2],"tags":[172],"class_list":["post-28152","post","type-post","status-publish","format-standard","has-post-thumbnail","hentry","category-policial","tag-featured"],"amp_enabled":true,"_links":{"self":[{"href":"https:\/\/radiostudiow.com.br\/site\/wp-json\/wp\/v2\/posts\/28152","targetHints":{"allow":["GET"]}}],"collection":[{"href":"https:\/\/radiostudiow.com.br\/site\/wp-json\/wp\/v2\/posts"}],"about":[{"href":"https:\/\/radiostudiow.com.br\/site\/wp-json\/wp\/v2\/types\/post"}],"author":[{"embeddable":true,"href":"https:\/\/radiostudiow.com.br\/site\/wp-json\/wp\/v2\/users\/2"}],"replies":[{"embeddable":true,"href":"https:\/\/radiostudiow.com.br\/site\/wp-json\/wp\/v2\/comments?post=28152"}],"version-history":[{"count":4,"href":"https:\/\/radiostudiow.com.br\/site\/wp-json\/wp\/v2\/posts\/28152\/revisions"}],"predecessor-version":[{"id":28226,"href":"https:\/\/radiostudiow.com.br\/site\/wp-json\/wp\/v2\/posts\/28152\/revisions\/28226"}],"wp:featuredmedia":[{"embeddable":true,"href":"https:\/\/radiostudiow.com.br\/site\/wp-json\/wp\/v2\/media\/28225"}],"wp:attachment":[{"href":"https:\/\/radiostudiow.com.br\/site\/wp-json\/wp\/v2\/media?parent=28152"}],"wp:term":[{"taxonomy":"category","embeddable":true,"href":"https:\/\/radiostudiow.com.br\/site\/wp-json\/wp\/v2\/categories?post=28152"},{"taxonomy":"post_tag","embeddable":true,"href":"https:\/\/radiostudiow.com.br\/site\/wp-json\/wp\/v2\/tags?post=28152"}],"curies":[{"name":"wp","href":"https:\/\/api.w.org\/{rel}","templated":true}]}}