{"id":28161,"date":"2024-09-30T11:11:28","date_gmt":"2024-09-30T14:11:28","guid":{"rendered":"https:\/\/radiostudiow.com.br\/site\/?p=28161"},"modified":"2025-01-31T14:58:24","modified_gmt":"2025-01-31T17:58:24","slug":"pm-registrou-situacao-de-perturbacao-do-sossego-em-uniao-da-vitoria","status":"publish","type":"post","link":"https:\/\/radiostudiow.com.br\/site\/2024\/09\/30\/pm-registrou-situacao-de-perturbacao-do-sossego-em-uniao-da-vitoria\/","title":{"rendered":"PM registrou situa\u00e7\u00e3o de perturba\u00e7\u00e3o do sossego em Uni\u00e3o da Vit\u00f3ria"},"content":{"rendered":"\n<p>A equipe Pol\u00edcia Militar de Uni\u00e3o da Vit\u00f3ria foi acionada via Sade para verificar uma situa\u00e7\u00e3o de perturba\u00e7\u00e3o do trabalho ou sossego alheio na localidade Rio D\u2019 Areia por volta das 19:30 horas desse domingo (29).<\/p>\n\n\n\n<figure class=\"wp-block-image size-full\"><img loading=\"lazy\" decoding=\"async\" width=\"897\" height=\"204\" src=\"https:\/\/radiostudiow.com.br\/site\/wp-content\/uploads\/2024\/04\/image-15.png\" alt=\"\" class=\"wp-image-21199\" srcset=\"https:\/\/radiostudiow.com.br\/site\/wp-content\/uploads\/2024\/04\/image-15.png 897w, https:\/\/radiostudiow.com.br\/site\/wp-content\/uploads\/2024\/04\/image-15-300x68.png 300w, https:\/\/radiostudiow.com.br\/site\/wp-content\/uploads\/2024\/04\/image-15-768x175.png 768w\" sizes=\"auto, (max-width: 897px) 100vw, 897px\" \/><\/figure>\n\n\n\n<p>Os policiais se deslocaram at\u00e9 o local, onde foi constatado som mec\u00e2nico em volume alto no interior do local, sendo poss\u00edvel ouvir do in\u00edcio da rua. A propriet\u00e1ria da resid\u00eancia, foi orientada quanto a contraven\u00e7\u00e3o penal de perturba\u00e7\u00e3o do sossego e se comprometeu a cessar tal perturba\u00e7\u00e3o.<\/p>\n\n\n\n<p>O solicitante n\u00e3o fez contato com a equipe no local.<\/p>\n\n\n\n<p><\/p>\n","protected":false},"excerpt":{"rendered":"<p>A equipe Pol\u00edcia Militar de Uni\u00e3o da Vit\u00f3ria foi acionada via Sade para verificar uma situa\u00e7\u00e3o de perturba\u00e7\u00e3o do trabalho ou sossego alheio na localidade Rio D\u2019 Areia por volta das 19:30 horas desse domingo (29). Os policiais se deslocaram at\u00e9 o local, onde foi constatado som mec\u00e2nico em volume alto no interior do local, [&hellip;]<\/p>\n","protected":false},"author":2,"featured_media":20320,"comment_status":"open","ping_status":"open","sticky":false,"template":"","format":"standard","meta":{"footnotes":""},"categories":[2],"tags":[172],"class_list":["post-28161","post","type-post","status-publish","format-standard","has-post-thumbnail","hentry","category-policial","tag-featured"],"amp_enabled":true,"_links":{"self":[{"href":"https:\/\/radiostudiow.com.br\/site\/wp-json\/wp\/v2\/posts\/28161","targetHints":{"allow":["GET"]}}],"collection":[{"href":"https:\/\/radiostudiow.com.br\/site\/wp-json\/wp\/v2\/posts"}],"about":[{"href":"https:\/\/radiostudiow.com.br\/site\/wp-json\/wp\/v2\/types\/post"}],"author":[{"embeddable":true,"href":"https:\/\/radiostudiow.com.br\/site\/wp-json\/wp\/v2\/users\/2"}],"replies":[{"embeddable":true,"href":"https:\/\/radiostudiow.com.br\/site\/wp-json\/wp\/v2\/comments?post=28161"}],"version-history":[{"count":1,"href":"https:\/\/radiostudiow.com.br\/site\/wp-json\/wp\/v2\/posts\/28161\/revisions"}],"predecessor-version":[{"id":28162,"href":"https:\/\/radiostudiow.com.br\/site\/wp-json\/wp\/v2\/posts\/28161\/revisions\/28162"}],"wp:featuredmedia":[{"embeddable":true,"href":"https:\/\/radiostudiow.com.br\/site\/wp-json\/wp\/v2\/media\/20320"}],"wp:attachment":[{"href":"https:\/\/radiostudiow.com.br\/site\/wp-json\/wp\/v2\/media?parent=28161"}],"wp:term":[{"taxonomy":"category","embeddable":true,"href":"https:\/\/radiostudiow.com.br\/site\/wp-json\/wp\/v2\/categories?post=28161"},{"taxonomy":"post_tag","embeddable":true,"href":"https:\/\/radiostudiow.com.br\/site\/wp-json\/wp\/v2\/tags?post=28161"}],"curies":[{"name":"wp","href":"https:\/\/api.w.org\/{rel}","templated":true}]}}