{"id":28168,"date":"2024-10-01T09:38:19","date_gmt":"2024-10-01T12:38:19","guid":{"rendered":"https:\/\/radiostudiow.com.br\/site\/?p=28168"},"modified":"2025-01-31T14:58:24","modified_gmt":"2025-01-31T17:58:24","slug":"jovem-morre-afogado-em-cachoeira-na-cidade-de-bituruna","status":"publish","type":"post","link":"https:\/\/radiostudiow.com.br\/site\/2024\/10\/01\/jovem-morre-afogado-em-cachoeira-na-cidade-de-bituruna\/","title":{"rendered":"Jovem morre afogado em cachoeira na cidade de Bituruna"},"content":{"rendered":"\n<p>O jovem de 20 anos que perdeu tragicamente a vida em uma cachoeira no interior de Bituruna foi identificado como&nbsp;Leandro Alves.<\/p>\n\n\n\n<figure class=\"wp-block-image size-full\"><img loading=\"lazy\" decoding=\"async\" width=\"598\" height=\"204\" src=\"https:\/\/radiostudiow.com.br\/site\/wp-content\/uploads\/2024\/04\/image-12.png\" alt=\"\" class=\"wp-image-21187\" srcset=\"https:\/\/radiostudiow.com.br\/site\/wp-content\/uploads\/2024\/04\/image-12.png 598w, https:\/\/radiostudiow.com.br\/site\/wp-content\/uploads\/2024\/04\/image-12-300x102.png 300w\" sizes=\"auto, (max-width: 598px) 100vw, 598px\" \/><\/figure>\n\n\n\n<p>De acordo com relatos de testemunhas, Leandro estava participando de uma confraterniza\u00e7\u00e3o familiar quando decidiu nadar na cachoeira, mas, infelizmente, acabou desaparecendo.<\/p>\n\n\n\n<p>A equipe do Samu de Bituruna foi acionada e se deslocou at\u00e9 a comunidade do Reponte, inteiro da cidade.&nbsp;No entanto, Leandro j\u00e1 estava submerso, o que desempenhou a interven\u00e7\u00e3o do Corpo de Bombeiros de Uni\u00e3o da Vit\u00f3ria.<\/p>\n\n\n\n<figure class=\"wp-block-image size-full\"><img loading=\"lazy\" decoding=\"async\" width=\"720\" height=\"405\" src=\"https:\/\/radiostudiow.com.br\/site\/wp-content\/uploads\/2024\/10\/image-1.png\" alt=\"\" class=\"wp-image-28235\" srcset=\"https:\/\/radiostudiow.com.br\/site\/wp-content\/uploads\/2024\/10\/image-1.png 720w, https:\/\/radiostudiow.com.br\/site\/wp-content\/uploads\/2024\/10\/image-1-300x169.png 300w\" sizes=\"auto, (max-width: 720px) 100vw, 720px\" \/><figcaption class=\"wp-element-caption\">Em destaque na foto o local que o jovem desapareceu<\/figcaption><\/figure>\n\n\n\n<p><strong>Ap\u00f3s utilizar t\u00e9cnicas de mergulho, os bombeiros localizaram o corpo do jovem \u00e0s 19 horas desse domingo (29).<\/strong><\/p>\n\n\n\n<div class=\"wp-block-media-text is-stacked-on-mobile\"><figure class=\"wp-block-media-text__media\"><img loading=\"lazy\" decoding=\"async\" width=\"600\" height=\"600\" src=\"https:\/\/radiostudiow.com.br\/site\/wp-content\/uploads\/2024\/10\/01.jpeg\" alt=\"\" class=\"wp-image-28231 size-full\" srcset=\"https:\/\/radiostudiow.com.br\/site\/wp-content\/uploads\/2024\/10\/01.jpeg 600w, https:\/\/radiostudiow.com.br\/site\/wp-content\/uploads\/2024\/10\/01-300x300.jpeg 300w, https:\/\/radiostudiow.com.br\/site\/wp-content\/uploads\/2024\/10\/01-80x80.jpeg 80w\" sizes=\"auto, (max-width: 600px) 100vw, 600px\" \/><\/figure><div class=\"wp-block-media-text__content\">\n<p>Leandro era colaborador da empresa Randa, que tamb\u00e9m se manifestou sobre a trag\u00e9dia.<\/p>\n<\/div><\/div>\n\n\n\n<p><em>Fonte: V.Vale<\/em><\/p>\n","protected":false},"excerpt":{"rendered":"<p>O jovem de 20 anos que perdeu tragicamente a vida em uma cachoeira no interior de Bituruna foi identificado como&nbsp;Leandro Alves. De acordo com relatos de testemunhas, Leandro estava participando de uma confraterniza\u00e7\u00e3o familiar quando decidiu nadar na cachoeira, mas, infelizmente, acabou desaparecendo. A equipe do Samu de Bituruna foi acionada e se deslocou at\u00e9 [&hellip;]<\/p>\n","protected":false},"author":2,"featured_media":28234,"comment_status":"open","ping_status":"open","sticky":false,"template":"","format":"standard","meta":{"footnotes":""},"categories":[185],"tags":[172],"class_list":["post-28168","post","type-post","status-publish","format-standard","has-post-thumbnail","hentry","category-regional","tag-featured"],"amp_enabled":true,"_links":{"self":[{"href":"https:\/\/radiostudiow.com.br\/site\/wp-json\/wp\/v2\/posts\/28168","targetHints":{"allow":["GET"]}}],"collection":[{"href":"https:\/\/radiostudiow.com.br\/site\/wp-json\/wp\/v2\/posts"}],"about":[{"href":"https:\/\/radiostudiow.com.br\/site\/wp-json\/wp\/v2\/types\/post"}],"author":[{"embeddable":true,"href":"https:\/\/radiostudiow.com.br\/site\/wp-json\/wp\/v2\/users\/2"}],"replies":[{"embeddable":true,"href":"https:\/\/radiostudiow.com.br\/site\/wp-json\/wp\/v2\/comments?post=28168"}],"version-history":[{"count":3,"href":"https:\/\/radiostudiow.com.br\/site\/wp-json\/wp\/v2\/posts\/28168\/revisions"}],"predecessor-version":[{"id":28236,"href":"https:\/\/radiostudiow.com.br\/site\/wp-json\/wp\/v2\/posts\/28168\/revisions\/28236"}],"wp:featuredmedia":[{"embeddable":true,"href":"https:\/\/radiostudiow.com.br\/site\/wp-json\/wp\/v2\/media\/28234"}],"wp:attachment":[{"href":"https:\/\/radiostudiow.com.br\/site\/wp-json\/wp\/v2\/media?parent=28168"}],"wp:term":[{"taxonomy":"category","embeddable":true,"href":"https:\/\/radiostudiow.com.br\/site\/wp-json\/wp\/v2\/categories?post=28168"},{"taxonomy":"post_tag","embeddable":true,"href":"https:\/\/radiostudiow.com.br\/site\/wp-json\/wp\/v2\/tags?post=28168"}],"curies":[{"name":"wp","href":"https:\/\/api.w.org\/{rel}","templated":true}]}}