{"id":28171,"date":"2024-09-30T17:58:12","date_gmt":"2024-09-30T20:58:12","guid":{"rendered":"https:\/\/radiostudiow.com.br\/site\/?p=28171"},"modified":"2025-01-31T14:58:24","modified_gmt":"2025-01-31T17:58:24","slug":"idoso-morre-apos-ser-atropelado-e-motorista-foge-sem-prestar-socorro","status":"publish","type":"post","link":"https:\/\/radiostudiow.com.br\/site\/2024\/09\/30\/idoso-morre-apos-ser-atropelado-e-motorista-foge-sem-prestar-socorro\/","title":{"rendered":"Idoso morre ap\u00f3s ser atropelado e motorista foge sem prestar socorro em S\u00e3o Mateus do Sul"},"content":{"rendered":"\n<p>Um homem\u00a0identificado como\u00a0Ant\u00f4nio Ferreira da Silva\u00a0morreu, ap\u00f3s ser atropelado na manh\u00e3 desta segunda-feira, 30 de setembro, na Vila Palmeirinha, em S\u00e3o Mateus do Sul. A idade do homem n\u00e3o foi divulgada at\u00e9 o momento.<\/p>\n\n\n\n<figure class=\"wp-block-image size-full\"><img loading=\"lazy\" decoding=\"async\" width=\"598\" height=\"204\" src=\"https:\/\/radiostudiow.com.br\/site\/wp-content\/uploads\/2024\/09\/AFUBRA.png\" alt=\"\" class=\"wp-image-27135\" srcset=\"https:\/\/radiostudiow.com.br\/site\/wp-content\/uploads\/2024\/09\/AFUBRA.png 598w, https:\/\/radiostudiow.com.br\/site\/wp-content\/uploads\/2024\/09\/AFUBRA-300x102.png 300w\" sizes=\"auto, (max-width: 598px) 100vw, 598px\" \/><\/figure>\n\n\n\n<p>Segundo informa\u00e7\u00f5es do Portal Clic Sul News, o idoso estava transitando pela cal\u00e7ada, quando o motorista de um GM\/Corsa perdeu o controle da dire\u00e7\u00e3o e atingiu o homem, que acabou morrendo no local.&nbsp;Em seguida, o condutor teria ido at\u00e9 o posto de sa\u00fade do bairro, alegando que estava sendo amea\u00e7ado de morte por populares, por\u00e9m fugiu do local e at\u00e9 o momento n\u00e3o foi localizado.<\/p>\n\n\n\n<p>As equipes do SIATE do Corpo de Bombeiros eo SAMU foram at\u00e9 o local para prestar atendimento \u00e0 v\u00edtima, por\u00e9m o homem j\u00e1 havia entrado em \u00f3bito. A Pol\u00edcia Militar foi acionada para atender a ocorr\u00eancia e fazer buscas. O corpo do homem permanece no local aguardando a chegada do Instituto M\u00e9dico Legal (IML) de Uni\u00e3o da Vit\u00f3ria e Criminal\u00edstica.<\/p>\n\n\n\n<figure class=\"wp-block-image size-full\"><img loading=\"lazy\" decoding=\"async\" width=\"900\" height=\"408\" src=\"https:\/\/radiostudiow.com.br\/site\/wp-content\/uploads\/2024\/09\/image-64-1.png\" alt=\"\" class=\"wp-image-28207\" srcset=\"https:\/\/radiostudiow.com.br\/site\/wp-content\/uploads\/2024\/09\/image-64-1.png 900w, https:\/\/radiostudiow.com.br\/site\/wp-content\/uploads\/2024\/09\/image-64-1-300x136.png 300w, https:\/\/radiostudiow.com.br\/site\/wp-content\/uploads\/2024\/09\/image-64-1-768x348.png 768w\" sizes=\"auto, (max-width: 900px) 100vw, 900px\" \/><\/figure>\n\n\n\n<p>O bairro em que Ant\u00f4nio acabou falecendo \u00e9 pr\u00f3ximo de onde ocorreu um acidente no m\u00eas de abril deste ano, que acabou tirando a vida de Mario Ant\u00f4nio Levandoski, de 57 anos, conhecido como Toti.<\/p>\n\n\n\n<p>Outra ocorr\u00eancia pr\u00f3ximo, vitimou o ciclista&nbsp;Rivair da Concei\u00e7\u00e3o Ferreira no dia 16 de setembro, que acabou falecendo no \u00faltimo s\u00e1bado (28). E tamb\u00e9m, perto dali, aconteceu outro acidente,&nbsp;que tirou a vida de um jovem de 19 anos, identificado como Thiago Jos\u00e9 Madzgala Cardoso.<\/p>\n","protected":false},"excerpt":{"rendered":"<p>Um homem\u00a0identificado como\u00a0Ant\u00f4nio Ferreira da Silva\u00a0morreu, ap\u00f3s ser atropelado na manh\u00e3 desta segunda-feira, 30 de setembro, na Vila Palmeirinha, em S\u00e3o Mateus do Sul. A idade do homem n\u00e3o foi divulgada at\u00e9 o momento. Segundo informa\u00e7\u00f5es do Portal Clic Sul News, o idoso estava transitando pela cal\u00e7ada, quando o motorista de um GM\/Corsa perdeu o [&hellip;]<\/p>\n","protected":false},"author":2,"featured_media":28173,"comment_status":"open","ping_status":"open","sticky":false,"template":"","format":"standard","meta":{"footnotes":""},"categories":[185],"tags":[172],"class_list":["post-28171","post","type-post","status-publish","format-standard","has-post-thumbnail","hentry","category-regional","tag-featured"],"amp_enabled":true,"_links":{"self":[{"href":"https:\/\/radiostudiow.com.br\/site\/wp-json\/wp\/v2\/posts\/28171","targetHints":{"allow":["GET"]}}],"collection":[{"href":"https:\/\/radiostudiow.com.br\/site\/wp-json\/wp\/v2\/posts"}],"about":[{"href":"https:\/\/radiostudiow.com.br\/site\/wp-json\/wp\/v2\/types\/post"}],"author":[{"embeddable":true,"href":"https:\/\/radiostudiow.com.br\/site\/wp-json\/wp\/v2\/users\/2"}],"replies":[{"embeddable":true,"href":"https:\/\/radiostudiow.com.br\/site\/wp-json\/wp\/v2\/comments?post=28171"}],"version-history":[{"count":4,"href":"https:\/\/radiostudiow.com.br\/site\/wp-json\/wp\/v2\/posts\/28171\/revisions"}],"predecessor-version":[{"id":28209,"href":"https:\/\/radiostudiow.com.br\/site\/wp-json\/wp\/v2\/posts\/28171\/revisions\/28209"}],"wp:featuredmedia":[{"embeddable":true,"href":"https:\/\/radiostudiow.com.br\/site\/wp-json\/wp\/v2\/media\/28173"}],"wp:attachment":[{"href":"https:\/\/radiostudiow.com.br\/site\/wp-json\/wp\/v2\/media?parent=28171"}],"wp:term":[{"taxonomy":"category","embeddable":true,"href":"https:\/\/radiostudiow.com.br\/site\/wp-json\/wp\/v2\/categories?post=28171"},{"taxonomy":"post_tag","embeddable":true,"href":"https:\/\/radiostudiow.com.br\/site\/wp-json\/wp\/v2\/tags?post=28171"}],"curies":[{"name":"wp","href":"https:\/\/api.w.org\/{rel}","templated":true}]}}