{"id":28181,"date":"2024-09-30T15:54:36","date_gmt":"2024-09-30T18:54:36","guid":{"rendered":"https:\/\/radiostudiow.com.br\/site\/?p=28181"},"modified":"2025-01-31T14:58:24","modified_gmt":"2025-01-31T17:58:24","slug":"homem-morre-apos-queda-de-moto-em-cruz-machado","status":"publish","type":"post","link":"https:\/\/radiostudiow.com.br\/site\/2024\/09\/30\/homem-morre-apos-queda-de-moto-em-cruz-machado\/","title":{"rendered":"Homem morre ap\u00f3s queda de moto em Cruz Machado"},"content":{"rendered":"\n<p>No in\u00edcio da tarde deste domingo, 29 de setembro, o Servi\u00e7o de Atendimento M\u00f3vel de Urg\u00eancia (SAMU) de Cruz Machado foi acionado para prestar socorro a um homem que sofreu uma queda de moto na Linha Ernestina em Palmital Cruz Machado.<\/p>\n\n\n\n<figure class=\"wp-block-image size-full\"><img decoding=\"async\" src=\"https:\/\/radiostudiow.com.br\/site\/wp-content\/uploads\/2024\/04\/image-42.png\" alt=\"\" class=\"wp-image-21334\"\/><\/figure>\n\n\n\n<p>Infelizmente, as equipes de socorro constataram o \u00f3bito no local de\u00a0Jamir Pimentel, de 41 anos. A v\u00edtima era residente da localidade.<\/p>\n","protected":false},"excerpt":{"rendered":"<p>No in\u00edcio da tarde deste domingo, 29 de setembro, o Servi\u00e7o de Atendimento M\u00f3vel de Urg\u00eancia (SAMU) de Cruz Machado foi acionado para prestar socorro a um homem que sofreu uma queda de moto na Linha Ernestina em Palmital Cruz Machado. Infelizmente, as equipes de socorro constataram o \u00f3bito no local de\u00a0Jamir Pimentel, de 41 [&hellip;]<\/p>\n","protected":false},"author":2,"featured_media":28182,"comment_status":"open","ping_status":"open","sticky":false,"template":"","format":"standard","meta":{"footnotes":""},"categories":[2],"tags":[172],"class_list":["post-28181","post","type-post","status-publish","format-standard","has-post-thumbnail","hentry","category-policial","tag-featured"],"amp_enabled":true,"_links":{"self":[{"href":"https:\/\/radiostudiow.com.br\/site\/wp-json\/wp\/v2\/posts\/28181","targetHints":{"allow":["GET"]}}],"collection":[{"href":"https:\/\/radiostudiow.com.br\/site\/wp-json\/wp\/v2\/posts"}],"about":[{"href":"https:\/\/radiostudiow.com.br\/site\/wp-json\/wp\/v2\/types\/post"}],"author":[{"embeddable":true,"href":"https:\/\/radiostudiow.com.br\/site\/wp-json\/wp\/v2\/users\/2"}],"replies":[{"embeddable":true,"href":"https:\/\/radiostudiow.com.br\/site\/wp-json\/wp\/v2\/comments?post=28181"}],"version-history":[{"count":1,"href":"https:\/\/radiostudiow.com.br\/site\/wp-json\/wp\/v2\/posts\/28181\/revisions"}],"predecessor-version":[{"id":28183,"href":"https:\/\/radiostudiow.com.br\/site\/wp-json\/wp\/v2\/posts\/28181\/revisions\/28183"}],"wp:featuredmedia":[{"embeddable":true,"href":"https:\/\/radiostudiow.com.br\/site\/wp-json\/wp\/v2\/media\/28182"}],"wp:attachment":[{"href":"https:\/\/radiostudiow.com.br\/site\/wp-json\/wp\/v2\/media?parent=28181"}],"wp:term":[{"taxonomy":"category","embeddable":true,"href":"https:\/\/radiostudiow.com.br\/site\/wp-json\/wp\/v2\/categories?post=28181"},{"taxonomy":"post_tag","embeddable":true,"href":"https:\/\/radiostudiow.com.br\/site\/wp-json\/wp\/v2\/tags?post=28181"}],"curies":[{"name":"wp","href":"https:\/\/api.w.org\/{rel}","templated":true}]}}