{"id":28187,"date":"2024-10-01T09:45:40","date_gmt":"2024-10-01T12:45:40","guid":{"rendered":"https:\/\/radiostudiow.com.br\/site\/?p=28187"},"modified":"2025-01-31T14:58:24","modified_gmt":"2025-01-31T17:58:24","slug":"policia-militar-prende-foragido-da-justica-em-uniao-da-vitoria","status":"publish","type":"post","link":"https:\/\/radiostudiow.com.br\/site\/2024\/10\/01\/policia-militar-prende-foragido-da-justica-em-uniao-da-vitoria\/","title":{"rendered":"Pol\u00edcia Militar prende foragido da justi\u00e7a em Uni\u00e3o da Vit\u00f3ria"},"content":{"rendered":"\n<p>A equipe policial de Uni\u00e3o da Vit\u00f3ria, realizava patrulhamento pelo centro, por volta das 9h20 deste s\u00e1bado,28, quando avistou um masculino, j\u00e1 reconhecido do meio policial.<\/p>\n\n\n\n<figure class=\"wp-block-image size-full\"><img loading=\"lazy\" decoding=\"async\" width=\"897\" height=\"204\" src=\"https:\/\/radiostudiow.com.br\/site\/wp-content\/uploads\/2024\/04\/image-7.png\" alt=\"\" class=\"wp-image-21177\" srcset=\"https:\/\/radiostudiow.com.br\/site\/wp-content\/uploads\/2024\/04\/image-7.png 897w, https:\/\/radiostudiow.com.br\/site\/wp-content\/uploads\/2024\/04\/image-7-300x68.png 300w, https:\/\/radiostudiow.com.br\/site\/wp-content\/uploads\/2024\/04\/image-7-768x175.png 768w\" sizes=\"auto, (max-width: 897px) 100vw, 897px\" \/><\/figure>\n\n\n\n<p>Como era de conhecimento da equipe que ele estava evadido do sistema prisional do estado de Santa Catarina, ele foi abordado.<\/p>\n\n\n\n<p>Ap\u00f3s procedida a abordagem, o referido foi encaminhado para o Departamento de Administra\u00e7\u00e3o Prisional de Porto Uni\u00e3o \u2013 e ficou \u00e0 disposi\u00e7\u00e3o do poder judici\u00e1rio.<\/p>\n","protected":false},"excerpt":{"rendered":"<p>A equipe policial de Uni\u00e3o da Vit\u00f3ria, realizava patrulhamento pelo centro, por volta das 9h20 deste s\u00e1bado,28, quando avistou um masculino, j\u00e1 reconhecido do meio policial. Como era de conhecimento da equipe que ele estava evadido do sistema prisional do estado de Santa Catarina, ele foi abordado. Ap\u00f3s procedida a abordagem, o referido foi encaminhado [&hellip;]<\/p>\n","protected":false},"author":2,"featured_media":27487,"comment_status":"open","ping_status":"open","sticky":false,"template":"","format":"standard","meta":{"footnotes":""},"categories":[2],"tags":[172],"class_list":["post-28187","post","type-post","status-publish","format-standard","has-post-thumbnail","hentry","category-policial","tag-featured"],"amp_enabled":true,"_links":{"self":[{"href":"https:\/\/radiostudiow.com.br\/site\/wp-json\/wp\/v2\/posts\/28187","targetHints":{"allow":["GET"]}}],"collection":[{"href":"https:\/\/radiostudiow.com.br\/site\/wp-json\/wp\/v2\/posts"}],"about":[{"href":"https:\/\/radiostudiow.com.br\/site\/wp-json\/wp\/v2\/types\/post"}],"author":[{"embeddable":true,"href":"https:\/\/radiostudiow.com.br\/site\/wp-json\/wp\/v2\/users\/2"}],"replies":[{"embeddable":true,"href":"https:\/\/radiostudiow.com.br\/site\/wp-json\/wp\/v2\/comments?post=28187"}],"version-history":[{"count":3,"href":"https:\/\/radiostudiow.com.br\/site\/wp-json\/wp\/v2\/posts\/28187\/revisions"}],"predecessor-version":[{"id":28241,"href":"https:\/\/radiostudiow.com.br\/site\/wp-json\/wp\/v2\/posts\/28187\/revisions\/28241"}],"wp:featuredmedia":[{"embeddable":true,"href":"https:\/\/radiostudiow.com.br\/site\/wp-json\/wp\/v2\/media\/27487"}],"wp:attachment":[{"href":"https:\/\/radiostudiow.com.br\/site\/wp-json\/wp\/v2\/media?parent=28187"}],"wp:term":[{"taxonomy":"category","embeddable":true,"href":"https:\/\/radiostudiow.com.br\/site\/wp-json\/wp\/v2\/categories?post=28187"},{"taxonomy":"post_tag","embeddable":true,"href":"https:\/\/radiostudiow.com.br\/site\/wp-json\/wp\/v2\/tags?post=28187"}],"curies":[{"name":"wp","href":"https:\/\/api.w.org\/{rel}","templated":true}]}}