{"id":28190,"date":"2024-09-30T18:15:12","date_gmt":"2024-09-30T21:15:12","guid":{"rendered":"https:\/\/radiostudiow.com.br\/site\/?p=28190"},"modified":"2025-01-31T14:58:24","modified_gmt":"2025-01-31T17:58:24","slug":"casal-morre-apos-carro-invadir-pista-contraria-e-bater-em-caminhao-na-br-476","status":"publish","type":"post","link":"https:\/\/radiostudiow.com.br\/site\/2024\/09\/30\/casal-morre-apos-carro-invadir-pista-contraria-e-bater-em-caminhao-na-br-476\/","title":{"rendered":"Casal morre ap\u00f3s carro invadir pista contr\u00e1ria e bater em caminh\u00e3o na BR-476"},"content":{"rendered":"\n<p>Na noite deste s\u00e1bado, por volta das 20h45, equipes do Corpo de Bombeiros da Lapa foram acionadas para atender a um grave acidente no km 214 da BR-476, na regi\u00e3o de Volta Grande. No local, as equipes constataram que duas pessoas haviam morrido no acidente.<\/p>\n\n\n\n<figure class=\"wp-block-image size-full\"><img loading=\"lazy\" decoding=\"async\" width=\"897\" height=\"204\" src=\"https:\/\/radiostudiow.com.br\/site\/wp-content\/uploads\/2024\/04\/image-37.png\" alt=\"\" class=\"wp-image-21305\" srcset=\"https:\/\/radiostudiow.com.br\/site\/wp-content\/uploads\/2024\/04\/image-37.png 897w, https:\/\/radiostudiow.com.br\/site\/wp-content\/uploads\/2024\/04\/image-37-300x68.png 300w, https:\/\/radiostudiow.com.br\/site\/wp-content\/uploads\/2024\/04\/image-37-768x175.png 768w\" sizes=\"auto, (max-width: 897px) 100vw, 897px\" \/><\/figure>\n\n\n\n<p>De acordo com informa\u00e7\u00f5es preliminares, o Fiat Uno, que seguia no sentido S\u00e3o Mateus do Sul, invadiu a pista contr\u00e1ria e colidiu de frente com o caminh\u00e3o, que trafegava na pista sentido Lapa. O motorista do Uno ficou preso nas ferragens, enquanto a passageira foi ejetada do ve\u00edculo. Ambos morreram no local.<\/p>\n\n\n\n<p><strong>De acordo com informa\u00e7\u00f5es apuradas, as v\u00edtimas s\u00e3o um homem de 28 anos, identificado como Rodrigo, e uma mulher, ainda sem identifica\u00e7\u00e3o, ambos moradores da Lapa.<\/strong><\/p>\n\n\n\n<p>A Pol\u00edcia Rodovi\u00e1ria Federal (PRF) esteve no local para apurar as causas do ocorrido. Os corpos das v\u00edtimas foram encaminhados ao Instituto M\u00e9dico Legal (IML) de Curitiba. As causas do acidente ainda est\u00e3o sob investiga\u00e7\u00e3o.<\/p>\n\n\n\n<p><em>Fonte: <a href=\"https:\/\/plantao190.com.br\/\">Plantao190<\/a><\/em><\/p>\n","protected":false},"excerpt":{"rendered":"<p>Na noite deste s\u00e1bado, por volta das 20h45, equipes do Corpo de Bombeiros da Lapa foram acionadas para atender a um grave acidente no km 214 da BR-476, na regi\u00e3o de Volta Grande. No local, as equipes constataram que duas pessoas haviam morrido no acidente. De acordo com informa\u00e7\u00f5es preliminares, o Fiat Uno, que seguia [&hellip;]<\/p>\n","protected":false},"author":2,"featured_media":28212,"comment_status":"open","ping_status":"open","sticky":false,"template":"","format":"standard","meta":{"footnotes":""},"categories":[185],"tags":[172],"class_list":["post-28190","post","type-post","status-publish","format-standard","has-post-thumbnail","hentry","category-regional","tag-featured"],"amp_enabled":true,"_links":{"self":[{"href":"https:\/\/radiostudiow.com.br\/site\/wp-json\/wp\/v2\/posts\/28190","targetHints":{"allow":["GET"]}}],"collection":[{"href":"https:\/\/radiostudiow.com.br\/site\/wp-json\/wp\/v2\/posts"}],"about":[{"href":"https:\/\/radiostudiow.com.br\/site\/wp-json\/wp\/v2\/types\/post"}],"author":[{"embeddable":true,"href":"https:\/\/radiostudiow.com.br\/site\/wp-json\/wp\/v2\/users\/2"}],"replies":[{"embeddable":true,"href":"https:\/\/radiostudiow.com.br\/site\/wp-json\/wp\/v2\/comments?post=28190"}],"version-history":[{"count":4,"href":"https:\/\/radiostudiow.com.br\/site\/wp-json\/wp\/v2\/posts\/28190\/revisions"}],"predecessor-version":[{"id":28214,"href":"https:\/\/radiostudiow.com.br\/site\/wp-json\/wp\/v2\/posts\/28190\/revisions\/28214"}],"wp:featuredmedia":[{"embeddable":true,"href":"https:\/\/radiostudiow.com.br\/site\/wp-json\/wp\/v2\/media\/28212"}],"wp:attachment":[{"href":"https:\/\/radiostudiow.com.br\/site\/wp-json\/wp\/v2\/media?parent=28190"}],"wp:term":[{"taxonomy":"category","embeddable":true,"href":"https:\/\/radiostudiow.com.br\/site\/wp-json\/wp\/v2\/categories?post=28190"},{"taxonomy":"post_tag","embeddable":true,"href":"https:\/\/radiostudiow.com.br\/site\/wp-json\/wp\/v2\/tags?post=28190"}],"curies":[{"name":"wp","href":"https:\/\/api.w.org\/{rel}","templated":true}]}}