{"id":28192,"date":"2024-10-01T09:15:39","date_gmt":"2024-10-01T12:15:39","guid":{"rendered":"https:\/\/radiostudiow.com.br\/site\/?p=28192"},"modified":"2025-01-31T14:58:24","modified_gmt":"2025-01-31T17:58:24","slug":"pm-prende-dois-homens-por-trafico-de-drogas-em-mallet","status":"publish","type":"post","link":"https:\/\/radiostudiow.com.br\/site\/2024\/10\/01\/pm-prende-dois-homens-por-trafico-de-drogas-em-mallet\/","title":{"rendered":"PM prende dois homens por tr\u00e1fico de drogas em Mallet"},"content":{"rendered":"\n<p>A equipe da Pol\u00edcia Militar de Mallet realizava patrulhamento pela Avenida dos Trabalhadores, momento em que avistou uma motocicleta suspeita, com duas pessoas, a qual empreendeu fuga quando avistaram a viatura por volta das 21:25 horas desse domingo (29).<\/p>\n\n\n\n<figure class=\"wp-block-image size-full\"><img decoding=\"async\" src=\"https:\/\/radiostudiow.com.br\/site\/wp-content\/uploads\/2024\/04\/SITE-MEDIO.png\" alt=\"\" class=\"wp-image-21854\"\/><\/figure>\n\n\n\n<p>De imediato os policiais iniciaram acompanhamento t\u00e1tico, onde foi visualizado que durante o deslocamento o passageiro arremessou um inv\u00f3lucro pl\u00e1stico na estrada.<\/p>\n\n\n\n<p>Dado voz de abordagem por meio de sirene e sinais luminosos, realizado busca pessoal nos indiv\u00edduos, sendo que nada de il\u00edcito foi encontrado.<\/p>\n\n\n\n<figure class=\"wp-block-image size-full\"><img loading=\"lazy\" decoding=\"async\" width=\"897\" height=\"204\" src=\"https:\/\/radiostudiow.com.br\/site\/wp-content\/uploads\/2024\/04\/image-18.png\" alt=\"\" class=\"wp-image-21207\" srcset=\"https:\/\/radiostudiow.com.br\/site\/wp-content\/uploads\/2024\/04\/image-18.png 897w, https:\/\/radiostudiow.com.br\/site\/wp-content\/uploads\/2024\/04\/image-18-300x68.png 300w, https:\/\/radiostudiow.com.br\/site\/wp-content\/uploads\/2024\/04\/image-18-768x175.png 768w\" sizes=\"auto, (max-width: 897px) 100vw, 897px\" \/><\/figure>\n\n\n\n<p>Os policiais verificaram o objeto inicialmente dispensado, constatado se tratar de subst\u00e2ncia an\u00e1loga a coca\u00edna, que posteriormente pesado aferiu 50 gramas.<\/p>\n\n\n\n<p>Os envolvidos e o entorpecente foram conduzidos at\u00e9 a 4\u00aa SDP para serem apresentados a autoridade policial.<\/p>\n","protected":false},"excerpt":{"rendered":"<p>A equipe da Pol\u00edcia Militar de Mallet realizava patrulhamento pela Avenida dos Trabalhadores, momento em que avistou uma motocicleta suspeita, com duas pessoas, a qual empreendeu fuga quando avistaram a viatura por volta das 21:25 horas desse domingo (29). De imediato os policiais iniciaram acompanhamento t\u00e1tico, onde foi visualizado que durante o deslocamento o passageiro [&hellip;]<\/p>\n","protected":false},"author":2,"featured_media":28194,"comment_status":"open","ping_status":"open","sticky":false,"template":"","format":"standard","meta":{"footnotes":""},"categories":[2],"tags":[172],"class_list":["post-28192","post","type-post","status-publish","format-standard","has-post-thumbnail","hentry","category-policial","tag-featured"],"amp_enabled":true,"_links":{"self":[{"href":"https:\/\/radiostudiow.com.br\/site\/wp-json\/wp\/v2\/posts\/28192","targetHints":{"allow":["GET"]}}],"collection":[{"href":"https:\/\/radiostudiow.com.br\/site\/wp-json\/wp\/v2\/posts"}],"about":[{"href":"https:\/\/radiostudiow.com.br\/site\/wp-json\/wp\/v2\/types\/post"}],"author":[{"embeddable":true,"href":"https:\/\/radiostudiow.com.br\/site\/wp-json\/wp\/v2\/users\/2"}],"replies":[{"embeddable":true,"href":"https:\/\/radiostudiow.com.br\/site\/wp-json\/wp\/v2\/comments?post=28192"}],"version-history":[{"count":2,"href":"https:\/\/radiostudiow.com.br\/site\/wp-json\/wp\/v2\/posts\/28192\/revisions"}],"predecessor-version":[{"id":28223,"href":"https:\/\/radiostudiow.com.br\/site\/wp-json\/wp\/v2\/posts\/28192\/revisions\/28223"}],"wp:featuredmedia":[{"embeddable":true,"href":"https:\/\/radiostudiow.com.br\/site\/wp-json\/wp\/v2\/media\/28194"}],"wp:attachment":[{"href":"https:\/\/radiostudiow.com.br\/site\/wp-json\/wp\/v2\/media?parent=28192"}],"wp:term":[{"taxonomy":"category","embeddable":true,"href":"https:\/\/radiostudiow.com.br\/site\/wp-json\/wp\/v2\/categories?post=28192"},{"taxonomy":"post_tag","embeddable":true,"href":"https:\/\/radiostudiow.com.br\/site\/wp-json\/wp\/v2\/tags?post=28192"}],"curies":[{"name":"wp","href":"https:\/\/api.w.org\/{rel}","templated":true}]}}