{"id":28218,"date":"2024-10-01T09:29:26","date_gmt":"2024-10-01T12:29:26","guid":{"rendered":"https:\/\/radiostudiow.com.br\/site\/?p=28218"},"modified":"2025-01-31T14:58:24","modified_gmt":"2025-01-31T17:58:24","slug":"colisao-frontal-entre-carros-deixa-motorista-morto-em-cruz-machado","status":"publish","type":"post","link":"https:\/\/radiostudiow.com.br\/site\/2024\/10\/01\/colisao-frontal-entre-carros-deixa-motorista-morto-em-cruz-machado\/","title":{"rendered":"Colis\u00e3o frontal entre carros deixa motorista morto em Cruz Machado"},"content":{"rendered":"\n<p>Na noite deste domingo, 29 de setembro, uma colis\u00e3o frontal ocorreu na PR-447, pr\u00f3ximo \u00e0 entrada de Cruz Machado, envolvendo um VW\/Voyage e um VW\/Gol, ambos com placas da cidade.<\/p>\n\n\n\n<figure class=\"wp-block-image size-full is-resized\"><img loading=\"lazy\" decoding=\"async\" width=\"900\" height=\"408\" src=\"https:\/\/radiostudiow.com.br\/site\/wp-content\/uploads\/2024\/09\/image-64-1.png\" alt=\"\" class=\"wp-image-28207\" style=\"width:638px;height:auto\" srcset=\"https:\/\/radiostudiow.com.br\/site\/wp-content\/uploads\/2024\/09\/image-64-1.png 900w, https:\/\/radiostudiow.com.br\/site\/wp-content\/uploads\/2024\/09\/image-64-1-300x136.png 300w, https:\/\/radiostudiow.com.br\/site\/wp-content\/uploads\/2024\/09\/image-64-1-768x348.png 768w\" sizes=\"auto, (max-width: 900px) 100vw, 900px\" \/><\/figure>\n\n\n\n<p>O impacto foi t\u00e3o forte que o Voyage foi arremessado para fora da pista, enquanto o Gol permaneceu na via.<\/p>\n\n\n\n<p>Infelizmente, o condutor do Gol n\u00e3o sobreviveu ao acidente, e o motorista do Voyage foi levado ao hospital com ferimentos.<\/p>\n\n\n\n<figure class=\"wp-block-image size-full\"><img loading=\"lazy\" decoding=\"async\" width=\"452\" height=\"600\" src=\"https:\/\/radiostudiow.com.br\/site\/wp-content\/uploads\/2024\/10\/03.jpeg\" alt=\"\" class=\"wp-image-28227\" srcset=\"https:\/\/radiostudiow.com.br\/site\/wp-content\/uploads\/2024\/10\/03.jpeg 452w, https:\/\/radiostudiow.com.br\/site\/wp-content\/uploads\/2024\/10\/03-226x300.jpeg 226w\" sizes=\"auto, (max-width: 452px) 100vw, 452px\" \/><\/figure>\n\n\n\n<figure class=\"wp-block-video\"><video controls src=\"https:\/\/radiostudiow.com.br\/site\/wp-content\/uploads\/2024\/10\/WhatsApp-Video-2024-09-29-at-22.44.36.mp4\"><\/video><\/figure>\n","protected":false},"excerpt":{"rendered":"<p>Na noite deste domingo, 29 de setembro, uma colis\u00e3o frontal ocorreu na PR-447, pr\u00f3ximo \u00e0 entrada de Cruz Machado, envolvendo um VW\/Voyage e um VW\/Gol, ambos com placas da cidade. O impacto foi t\u00e3o forte que o Voyage foi arremessado para fora da pista, enquanto o Gol permaneceu na via. Infelizmente, o condutor do Gol [&hellip;]<\/p>\n","protected":false},"author":2,"featured_media":28228,"comment_status":"open","ping_status":"open","sticky":false,"template":"","format":"standard","meta":{"footnotes":""},"categories":[185],"tags":[172],"class_list":["post-28218","post","type-post","status-publish","format-standard","has-post-thumbnail","hentry","category-regional","tag-featured"],"amp_enabled":true,"_links":{"self":[{"href":"https:\/\/radiostudiow.com.br\/site\/wp-json\/wp\/v2\/posts\/28218","targetHints":{"allow":["GET"]}}],"collection":[{"href":"https:\/\/radiostudiow.com.br\/site\/wp-json\/wp\/v2\/posts"}],"about":[{"href":"https:\/\/radiostudiow.com.br\/site\/wp-json\/wp\/v2\/types\/post"}],"author":[{"embeddable":true,"href":"https:\/\/radiostudiow.com.br\/site\/wp-json\/wp\/v2\/users\/2"}],"replies":[{"embeddable":true,"href":"https:\/\/radiostudiow.com.br\/site\/wp-json\/wp\/v2\/comments?post=28218"}],"version-history":[{"count":4,"href":"https:\/\/radiostudiow.com.br\/site\/wp-json\/wp\/v2\/posts\/28218\/revisions"}],"predecessor-version":[{"id":28239,"href":"https:\/\/radiostudiow.com.br\/site\/wp-json\/wp\/v2\/posts\/28218\/revisions\/28239"}],"wp:featuredmedia":[{"embeddable":true,"href":"https:\/\/radiostudiow.com.br\/site\/wp-json\/wp\/v2\/media\/28228"}],"wp:attachment":[{"href":"https:\/\/radiostudiow.com.br\/site\/wp-json\/wp\/v2\/media?parent=28218"}],"wp:term":[{"taxonomy":"category","embeddable":true,"href":"https:\/\/radiostudiow.com.br\/site\/wp-json\/wp\/v2\/categories?post=28218"},{"taxonomy":"post_tag","embeddable":true,"href":"https:\/\/radiostudiow.com.br\/site\/wp-json\/wp\/v2\/tags?post=28218"}],"curies":[{"name":"wp","href":"https:\/\/api.w.org\/{rel}","templated":true}]}}