{"id":28242,"date":"2024-10-01T10:04:22","date_gmt":"2024-10-01T13:04:22","guid":{"rendered":"https:\/\/radiostudiow.com.br\/site\/?p=28242"},"modified":"2025-01-31T14:58:23","modified_gmt":"2025-01-31T17:58:23","slug":"profissionais-da-rede-educacao-de-mallet-participam-de-seminario-de-praticas-da-educacao","status":"publish","type":"post","link":"https:\/\/radiostudiow.com.br\/site\/2024\/10\/01\/profissionais-da-rede-educacao-de-mallet-participam-de-seminario-de-praticas-da-educacao\/","title":{"rendered":"Profissionais da rede Educa\u00e7\u00e3o de Mallet participam de Semin\u00e1rio de Pr\u00e1ticas da Educa\u00e7\u00e3o"},"content":{"rendered":"\n<figure class=\"wp-block-image size-full is-resized\"><img loading=\"lazy\" decoding=\"async\" width=\"897\" height=\"204\" src=\"https:\/\/radiostudiow.com.br\/site\/wp-content\/uploads\/2024\/08\/TIJOLAO.png\" alt=\"\" class=\"wp-image-25951\" style=\"width:740px;height:auto\" srcset=\"https:\/\/radiostudiow.com.br\/site\/wp-content\/uploads\/2024\/08\/TIJOLAO.png 897w, https:\/\/radiostudiow.com.br\/site\/wp-content\/uploads\/2024\/08\/TIJOLAO-300x68.png 300w, https:\/\/radiostudiow.com.br\/site\/wp-content\/uploads\/2024\/08\/TIJOLAO-768x175.png 768w\" sizes=\"auto, (max-width: 897px) 100vw, 897px\" \/><\/figure>\n\n\n\n<p>Na quinta-feira, 26 de setembro, na cidade de Prudent\u00f3polis, aconteceu o Semin\u00e1rio de Pr\u00e1ticas da Educa\u00e7\u00e3o. Na oportunidade, professores, equipe pedag\u00f3gica, diretores e coordenadores pedag\u00f3gicos, puderam participar de um momento rico com trocas de experi\u00eancias exitosas no \u00e2mbito educacional.<\/p>\n\n\n\n<figure class=\"wp-block-image size-large\"><img loading=\"lazy\" decoding=\"async\" width=\"1024\" height=\"576\" src=\"https:\/\/radiostudiow.com.br\/site\/wp-content\/uploads\/2024\/10\/06-1024x576.jpg\" alt=\"\" class=\"wp-image-28252\" srcset=\"https:\/\/radiostudiow.com.br\/site\/wp-content\/uploads\/2024\/10\/06-1024x576.jpg 1024w, https:\/\/radiostudiow.com.br\/site\/wp-content\/uploads\/2024\/10\/06-300x169.jpg 300w, https:\/\/radiostudiow.com.br\/site\/wp-content\/uploads\/2024\/10\/06-768x432.jpg 768w, https:\/\/radiostudiow.com.br\/site\/wp-content\/uploads\/2024\/10\/06-1536x864.jpg 1536w, https:\/\/radiostudiow.com.br\/site\/wp-content\/uploads\/2024\/10\/06.jpg 1600w\" sizes=\"auto, (max-width: 1024px) 100vw, 1024px\" \/><\/figure>\n\n\n\n<p>O evento integra as a\u00e7\u00f5es do Educa Juntos, que consiste em um regime de colabora\u00e7\u00e3o entre estado e munic\u00edpios, com divulga\u00e7\u00e3o de boas pr\u00e1ticas entre os profissionais da rede.<\/p>\n\n\n\n<div class=\"wp-block-media-text is-stacked-on-mobile\"><figure class=\"wp-block-media-text__media\"><img loading=\"lazy\" decoding=\"async\" width=\"461\" height=\"1024\" src=\"https:\/\/radiostudiow.com.br\/site\/wp-content\/uploads\/2024\/10\/08-461x1024.jpg\" alt=\"\" class=\"wp-image-28249 size-full\" srcset=\"https:\/\/radiostudiow.com.br\/site\/wp-content\/uploads\/2024\/10\/08-461x1024.jpg 461w, https:\/\/radiostudiow.com.br\/site\/wp-content\/uploads\/2024\/10\/08-135x300.jpg 135w, https:\/\/radiostudiow.com.br\/site\/wp-content\/uploads\/2024\/10\/08-768x1707.jpg 768w, https:\/\/radiostudiow.com.br\/site\/wp-content\/uploads\/2024\/10\/08-691x1536.jpg 691w, https:\/\/radiostudiow.com.br\/site\/wp-content\/uploads\/2024\/10\/08-922x2048.jpg 922w, https:\/\/radiostudiow.com.br\/site\/wp-content\/uploads\/2024\/10\/08-scaled.jpg 1152w\" sizes=\"auto, (max-width: 461px) 100vw, 461px\" \/><\/figure><div class=\"wp-block-media-text__content\">\n<p>De acordo com a Secretaria de Educa\u00e7\u00e3o, Mallet foi muito bem representado, com a apresenta\u00e7\u00e3o de pr\u00e1ticas desenvolvidas pelas professoras: Maria Marlene Gruba e Coordenadora \u00c9rica de F\u00e1tima Krinski, da Escola Municipal Santa Terezinha e pela Professora Irice Kaspzak, da Escola Municipal Rom\u00e3o Paul, que foram selecionadas pelos tutores do curso Formadores Munic\u00edpio, para exporem seus trabalhos perante a todos os presentes.<\/p>\n<\/div><\/div>\n\n\n\n<figure class=\"wp-block-image size-full is-resized\"><img loading=\"lazy\" decoding=\"async\" width=\"900\" height=\"408\" src=\"https:\/\/radiostudiow.com.br\/site\/wp-content\/uploads\/2024\/09\/image-64-1.png\" alt=\"\" class=\"wp-image-28207\" style=\"width:653px;height:auto\" srcset=\"https:\/\/radiostudiow.com.br\/site\/wp-content\/uploads\/2024\/09\/image-64-1.png 900w, https:\/\/radiostudiow.com.br\/site\/wp-content\/uploads\/2024\/09\/image-64-1-300x136.png 300w, https:\/\/radiostudiow.com.br\/site\/wp-content\/uploads\/2024\/09\/image-64-1-768x348.png 768w\" sizes=\"auto, (max-width: 900px) 100vw, 900px\" \/><\/figure>\n\n\n\n<p>A Secretaria de Educa\u00e7\u00e3o ainda parabeniza as professoras e toda a equipe de coordena\u00e7\u00e3o e dire\u00e7\u00e3o pelo incentivo e engajamento nas propostas, temos muito orgulho das conquistas obtidas em nossa educa\u00e7\u00e3o.<\/p>\n\n\n\n<figure class=\"wp-block-gallery has-nested-images columns-default is-cropped wp-block-gallery-1 is-layout-flex wp-block-gallery-is-layout-flex\">\n<figure class=\"wp-block-image size-large\"><img decoding=\"async\" data-id=\"28246\" src=\"https:\/\/radiostudiow.com.br\/site\/wp-content\/uploads\/2024\/10\/05-1024x768.jpg\" alt=\"\" class=\"wp-image-28246\"\/><\/figure>\n\n\n\n<figure class=\"wp-block-image size-large\"><img decoding=\"async\" data-id=\"28245\" src=\"https:\/\/radiostudiow.com.br\/site\/wp-content\/uploads\/2024\/10\/10-1024x768.jpg\" alt=\"\" class=\"wp-image-28245\"\/><\/figure>\n<\/figure>\n\n\n\n<figure class=\"wp-block-gallery has-nested-images columns-default is-cropped wp-block-gallery-2 is-layout-flex wp-block-gallery-is-layout-flex\">\n<figure class=\"wp-block-image size-large\"><img loading=\"lazy\" decoding=\"async\" width=\"1024\" height=\"768\" data-id=\"28248\" src=\"https:\/\/radiostudiow.com.br\/site\/wp-content\/uploads\/2024\/10\/04-1024x768.jpg\" alt=\"\" class=\"wp-image-28248\" srcset=\"https:\/\/radiostudiow.com.br\/site\/wp-content\/uploads\/2024\/10\/04-1024x768.jpg 1024w, https:\/\/radiostudiow.com.br\/site\/wp-content\/uploads\/2024\/10\/04-300x225.jpg 300w, https:\/\/radiostudiow.com.br\/site\/wp-content\/uploads\/2024\/10\/04-768x576.jpg 768w, https:\/\/radiostudiow.com.br\/site\/wp-content\/uploads\/2024\/10\/04-1536x1152.jpg 1536w, https:\/\/radiostudiow.com.br\/site\/wp-content\/uploads\/2024\/10\/04.jpg 2048w\" sizes=\"auto, (max-width: 1024px) 100vw, 1024px\" \/><\/figure>\n\n\n\n<figure class=\"wp-block-image size-large\"><img decoding=\"async\" data-id=\"28247\" src=\"https:\/\/radiostudiow.com.br\/site\/wp-content\/uploads\/2024\/10\/07-1024x768.jpg\" alt=\"\" class=\"wp-image-28247\"\/><\/figure>\n<\/figure>\n\n\n\n<figure class=\"wp-block-gallery has-nested-images columns-default is-cropped wp-block-gallery-3 is-layout-flex wp-block-gallery-is-layout-flex\">\n<figure class=\"wp-block-image size-large\"><img decoding=\"async\" data-id=\"28251\" src=\"https:\/\/radiostudiow.com.br\/site\/wp-content\/uploads\/2024\/10\/11-edited.jpg\" alt=\"\" class=\"wp-image-28251\"\/><\/figure>\n<\/figure>\n","protected":false},"excerpt":{"rendered":"<p>Na quinta-feira, 26 de setembro, na cidade de Prudent\u00f3polis, aconteceu o Semin\u00e1rio de Pr\u00e1ticas da Educa\u00e7\u00e3o. Na oportunidade, professores, equipe pedag\u00f3gica, diretores e coordenadores pedag\u00f3gicos, puderam participar de um momento rico com trocas de experi\u00eancias exitosas no \u00e2mbito educacional. O evento integra as a\u00e7\u00f5es do Educa Juntos, que consiste em um regime de colabora\u00e7\u00e3o entre [&hellip;]<\/p>\n","protected":false},"author":2,"featured_media":28244,"comment_status":"open","ping_status":"open","sticky":false,"template":"","format":"standard","meta":{"footnotes":""},"categories":[184],"tags":[172],"class_list":["post-28242","post","type-post","status-publish","format-standard","has-post-thumbnail","hentry","category-local","tag-featured"],"amp_enabled":true,"_links":{"self":[{"href":"https:\/\/radiostudiow.com.br\/site\/wp-json\/wp\/v2\/posts\/28242","targetHints":{"allow":["GET"]}}],"collection":[{"href":"https:\/\/radiostudiow.com.br\/site\/wp-json\/wp\/v2\/posts"}],"about":[{"href":"https:\/\/radiostudiow.com.br\/site\/wp-json\/wp\/v2\/types\/post"}],"author":[{"embeddable":true,"href":"https:\/\/radiostudiow.com.br\/site\/wp-json\/wp\/v2\/users\/2"}],"replies":[{"embeddable":true,"href":"https:\/\/radiostudiow.com.br\/site\/wp-json\/wp\/v2\/comments?post=28242"}],"version-history":[{"count":1,"href":"https:\/\/radiostudiow.com.br\/site\/wp-json\/wp\/v2\/posts\/28242\/revisions"}],"predecessor-version":[{"id":28253,"href":"https:\/\/radiostudiow.com.br\/site\/wp-json\/wp\/v2\/posts\/28242\/revisions\/28253"}],"wp:featuredmedia":[{"embeddable":true,"href":"https:\/\/radiostudiow.com.br\/site\/wp-json\/wp\/v2\/media\/28244"}],"wp:attachment":[{"href":"https:\/\/radiostudiow.com.br\/site\/wp-json\/wp\/v2\/media?parent=28242"}],"wp:term":[{"taxonomy":"category","embeddable":true,"href":"https:\/\/radiostudiow.com.br\/site\/wp-json\/wp\/v2\/categories?post=28242"},{"taxonomy":"post_tag","embeddable":true,"href":"https:\/\/radiostudiow.com.br\/site\/wp-json\/wp\/v2\/tags?post=28242"}],"curies":[{"name":"wp","href":"https:\/\/api.w.org\/{rel}","templated":true}]}}