{"id":28255,"date":"2024-10-01T20:55:38","date_gmt":"2024-10-01T23:55:38","guid":{"rendered":"https:\/\/radiostudiow.com.br\/site\/?p=28255"},"modified":"2025-01-31T14:58:23","modified_gmt":"2025-01-31T17:58:23","slug":"morador-de-mallet-perde-mais-de-300-reais-em-furto","status":"publish","type":"post","link":"https:\/\/radiostudiow.com.br\/site\/2024\/10\/01\/morador-de-mallet-perde-mais-de-300-reais-em-furto\/","title":{"rendered":"Morador de Mallet perde mais de 300 reais em furto"},"content":{"rendered":"\n<p>Um senhor procurou a equipe da Pol\u00edcia Militar de Mallet por volta das 15h50min dessa segunda-feira, 30 de setembro, relatando ser v\u00edtima de furto.<\/p>\n\n\n\n<figure class=\"wp-block-image size-large\"><img decoding=\"async\" src=\"https:\/\/radiostudiow.com.br\/site\/wp-content\/uploads\/2024\/10\/zm_0002_24AG_anuncio_261x83mm-1024x359.png\" alt=\"\" class=\"wp-image-28224\"\/><\/figure>\n\n\n\n<p>De acordo com o solicitante, por volta das 14h30min chegou em sua resid\u00eancia um homem com dentes de ouro em uma caminhonete de cor branca, oferecendo pomada para machucado. Aproveitando da idade avan\u00e7ada da v\u00edtima para realizar a venda.<\/p>\n\n\n\n<p>O senhor relatou que ap\u00f3s esse epis\u00f3dio notou a falta de R$ 384,00 reais de sua carteira, os quais estavam ali quando este efetuou o pagamento ao suspeito.<\/p>\n\n\n\n<figure class=\"wp-block-image size-full\"><img loading=\"lazy\" decoding=\"async\" width=\"900\" height=\"408\" src=\"https:\/\/radiostudiow.com.br\/site\/wp-content\/uploads\/2024\/09\/image-64-1.png\" alt=\"\" class=\"wp-image-28207\" srcset=\"https:\/\/radiostudiow.com.br\/site\/wp-content\/uploads\/2024\/09\/image-64-1.png 900w, https:\/\/radiostudiow.com.br\/site\/wp-content\/uploads\/2024\/09\/image-64-1-300x136.png 300w, https:\/\/radiostudiow.com.br\/site\/wp-content\/uploads\/2024\/09\/image-64-1-768x348.png 768w\" sizes=\"auto, (max-width: 900px) 100vw, 900px\" \/><\/figure>\n\n\n\n<p>A equipe policial realizou patrulhamento e buscas com as caracter\u00edsticas bem como pela caminhonete indicada, n\u00e3o sendo poss\u00edvel localizar. Diante da situa\u00e7\u00e3o a v\u00edtima foi ornetada quantos aos procedimentos cab\u00edveis.<\/p>\n","protected":false},"excerpt":{"rendered":"<p>Um senhor procurou a equipe da Pol\u00edcia Militar de Mallet por volta das 15h50min dessa segunda-feira, 30 de setembro, relatando ser v\u00edtima de furto. De acordo com o solicitante, por volta das 14h30min chegou em sua resid\u00eancia um homem com dentes de ouro em uma caminhonete de cor branca, oferecendo pomada para machucado. Aproveitando da [&hellip;]<\/p>\n","protected":false},"author":2,"featured_media":28270,"comment_status":"open","ping_status":"open","sticky":false,"template":"","format":"standard","meta":{"footnotes":""},"categories":[2],"tags":[172],"class_list":["post-28255","post","type-post","status-publish","format-standard","has-post-thumbnail","hentry","category-policial","tag-featured"],"amp_enabled":true,"_links":{"self":[{"href":"https:\/\/radiostudiow.com.br\/site\/wp-json\/wp\/v2\/posts\/28255","targetHints":{"allow":["GET"]}}],"collection":[{"href":"https:\/\/radiostudiow.com.br\/site\/wp-json\/wp\/v2\/posts"}],"about":[{"href":"https:\/\/radiostudiow.com.br\/site\/wp-json\/wp\/v2\/types\/post"}],"author":[{"embeddable":true,"href":"https:\/\/radiostudiow.com.br\/site\/wp-json\/wp\/v2\/users\/2"}],"replies":[{"embeddable":true,"href":"https:\/\/radiostudiow.com.br\/site\/wp-json\/wp\/v2\/comments?post=28255"}],"version-history":[{"count":3,"href":"https:\/\/radiostudiow.com.br\/site\/wp-json\/wp\/v2\/posts\/28255\/revisions"}],"predecessor-version":[{"id":28271,"href":"https:\/\/radiostudiow.com.br\/site\/wp-json\/wp\/v2\/posts\/28255\/revisions\/28271"}],"wp:featuredmedia":[{"embeddable":true,"href":"https:\/\/radiostudiow.com.br\/site\/wp-json\/wp\/v2\/media\/28270"}],"wp:attachment":[{"href":"https:\/\/radiostudiow.com.br\/site\/wp-json\/wp\/v2\/media?parent=28255"}],"wp:term":[{"taxonomy":"category","embeddable":true,"href":"https:\/\/radiostudiow.com.br\/site\/wp-json\/wp\/v2\/categories?post=28255"},{"taxonomy":"post_tag","embeddable":true,"href":"https:\/\/radiostudiow.com.br\/site\/wp-json\/wp\/v2\/tags?post=28255"}],"curies":[{"name":"wp","href":"https:\/\/api.w.org\/{rel}","templated":true}]}}