{"id":28263,"date":"2024-10-01T20:56:28","date_gmt":"2024-10-01T23:56:28","guid":{"rendered":"https:\/\/radiostudiow.com.br\/site\/?p=28263"},"modified":"2025-01-31T14:58:23","modified_gmt":"2025-01-31T17:58:23","slug":"boletim-da-saude-confirma-269-novos-casos-de-dengue-no-parana","status":"publish","type":"post","link":"https:\/\/radiostudiow.com.br\/site\/2024\/10\/01\/boletim-da-saude-confirma-269-novos-casos-de-dengue-no-parana\/","title":{"rendered":"Boletim da Sa\u00fade confirma 269 novos casos de dengue no Paran\u00e1"},"content":{"rendered":"\n<p>A Secretaria de Estado da Sa\u00fade (Sesa), por meio da Coordenadoria Estadual de Vigil\u00e2ncia Ambiental, publicou nesta ter\u00e7a-feira (1\u00ba) o novo informe semanal da dengue. Foram registrados mais 269 casos da doen\u00e7a sem nenhum \u00f3bito na \u00faltima semana. Somados os dados do novo per\u00edodo epidemiol\u00f3gico, iniciado em 28 de julho de 2024, o Paran\u00e1 registra 17.208 notifica\u00e7\u00f5es e 2.196 casos confirmados sem mortes em decorr\u00eancia da dengue.<\/p>\n\n\n\n<div class=\"wp-block-media-text is-stacked-on-mobile\"><figure class=\"wp-block-media-text__media\"><img decoding=\"async\" src=\"https:\/\/radiostudiow.com.br\/site\/wp-content\/uploads\/2024\/05\/LABIRATI-1024x1024.png\" alt=\"\" class=\"wp-image-22265 size-full\"\/><\/figure><div class=\"wp-block-media-text__content\">\n<p><\/p>\n<\/div><\/div>\n\n\n\n<p>No total, 329 munic\u00edpios j\u00e1 apresentaram notifica\u00e7\u00f5es de dengue, que \u00e9 transmitida pelo mosquito Aedes aegypti, e 205 possuem casos confirmados.<\/p>\n\n\n\n<p><strong>OUTRAS ARBOVIROSES&nbsp;\u2013<\/strong>&nbsp;Informa\u00e7\u00f5es sobre chikungunya e Zika, doen\u00e7as transmitidas pelo mesmo mosquito, tamb\u00e9m constam no documento. Neste per\u00edodo foram confirmados sete casos de chikungunya, sendo registradas 137 notifica\u00e7\u00f5es da doen\u00e7a no Estado. Com rela\u00e7\u00e3o \u00e0 zika v\u00edrus, at\u00e9 o momento ocorreram quatro&nbsp;notifica\u00e7\u00f5es.<\/p>\n\n\n\n<p>Confira o Boletim Semanal completo&nbsp;<strong><a href=\"https:\/\/www.documentador.pr.gov.br\/documentador\/pub.do?action=d&amp;uuid=@gtf-escriba-sesa@e5d0f8a7-f010-4027-abc6-ad88ed4febcc&amp;emPg=true\" target=\"_blank\" rel=\"noreferrer noopener\">AQUI<\/a><\/strong>. Mais informa\u00e7\u00f5es sobre a dengue est\u00e3o&nbsp;neste&nbsp;<strong><a href=\"https:\/\/www.dengue.pr.gov.br\/Pagina\/Boletins-da-Dengue\" target=\"_blank\" rel=\"noreferrer noopener\">LINK<\/a><\/strong>.<\/p>\n","protected":false},"excerpt":{"rendered":"<p>A Secretaria de Estado da Sa\u00fade (Sesa), por meio da Coordenadoria Estadual de Vigil\u00e2ncia Ambiental, publicou nesta ter\u00e7a-feira (1\u00ba) o novo informe semanal da dengue. Foram registrados mais 269 casos da doen\u00e7a sem nenhum \u00f3bito na \u00faltima semana. Somados os dados do novo per\u00edodo epidemiol\u00f3gico, iniciado em 28 de julho de 2024, o Paran\u00e1 registra [&hellip;]<\/p>\n","protected":false},"author":2,"featured_media":23432,"comment_status":"open","ping_status":"open","sticky":false,"template":"","format":"standard","meta":{"footnotes":""},"categories":[182],"tags":[172],"class_list":["post-28263","post","type-post","status-publish","format-standard","has-post-thumbnail","hentry","category-saude","tag-featured"],"amp_enabled":true,"_links":{"self":[{"href":"https:\/\/radiostudiow.com.br\/site\/wp-json\/wp\/v2\/posts\/28263","targetHints":{"allow":["GET"]}}],"collection":[{"href":"https:\/\/radiostudiow.com.br\/site\/wp-json\/wp\/v2\/posts"}],"about":[{"href":"https:\/\/radiostudiow.com.br\/site\/wp-json\/wp\/v2\/types\/post"}],"author":[{"embeddable":true,"href":"https:\/\/radiostudiow.com.br\/site\/wp-json\/wp\/v2\/users\/2"}],"replies":[{"embeddable":true,"href":"https:\/\/radiostudiow.com.br\/site\/wp-json\/wp\/v2\/comments?post=28263"}],"version-history":[{"count":2,"href":"https:\/\/radiostudiow.com.br\/site\/wp-json\/wp\/v2\/posts\/28263\/revisions"}],"predecessor-version":[{"id":28272,"href":"https:\/\/radiostudiow.com.br\/site\/wp-json\/wp\/v2\/posts\/28263\/revisions\/28272"}],"wp:featuredmedia":[{"embeddable":true,"href":"https:\/\/radiostudiow.com.br\/site\/wp-json\/wp\/v2\/media\/23432"}],"wp:attachment":[{"href":"https:\/\/radiostudiow.com.br\/site\/wp-json\/wp\/v2\/media?parent=28263"}],"wp:term":[{"taxonomy":"category","embeddable":true,"href":"https:\/\/radiostudiow.com.br\/site\/wp-json\/wp\/v2\/categories?post=28263"},{"taxonomy":"post_tag","embeddable":true,"href":"https:\/\/radiostudiow.com.br\/site\/wp-json\/wp\/v2\/tags?post=28263"}],"curies":[{"name":"wp","href":"https:\/\/api.w.org\/{rel}","templated":true}]}}