{"id":28278,"date":"2024-10-01T21:59:09","date_gmt":"2024-10-02T00:59:09","guid":{"rendered":"https:\/\/radiostudiow.com.br\/site\/?p=28278"},"modified":"2025-01-31T14:58:23","modified_gmt":"2025-01-31T17:58:23","slug":"suspeitos-de-furto-de-motocicletas-em-mallet-sao-presos-em-operacao-conjunta-da-policia-civil-e-militar","status":"publish","type":"post","link":"https:\/\/radiostudiow.com.br\/site\/2024\/10\/01\/suspeitos-de-furto-de-motocicletas-em-mallet-sao-presos-em-operacao-conjunta-da-policia-civil-e-militar\/","title":{"rendered":"Suspeitos de furto de motocicletas em Mallet s\u00e3o presos em Opera\u00e7\u00e3o Conjunta da Pol\u00edcia Civil e Militar"},"content":{"rendered":"\n<p>Suspeitos de furto de motocicletas no centro de Mallet s\u00e3o presos em opera\u00e7\u00e3o conjunta da 10\u00aa DRP de Mallet e do 27\u00ba Pel da PMPR.<\/p>\n\n\n\n<figure class=\"wp-block-image size-full\"><img decoding=\"async\" src=\"https:\/\/radiostudiow.com.br\/site\/wp-content\/uploads\/2024\/04\/image-47.png\" alt=\"\" class=\"wp-image-21404\"\/><\/figure>\n\n\n\n<p>As investiga\u00e7\u00f5es foram iniciadas imediatamente ap\u00f3s a subtra\u00e7\u00e3o das motocicletas no \u00faltimo domingo, 22 de setembro. Na opera\u00e7\u00e3o, al\u00e9m da pris\u00e3o dos dois suspeitos, foram cumpridos mandados de busca e apreens\u00e3o em diferentes endere\u00e7os.<\/p>\n\n\n\n<p>Como resultado, foram apreendidos telefones celulares, fios de cobre e outros objetos que indicam a participa\u00e7\u00e3o dos suspeitos em outros delitos na regi\u00e3o.<\/p>\n\n\n\n<figure class=\"wp-block-image size-full\"><img loading=\"lazy\" decoding=\"async\" width=\"900\" height=\"408\" src=\"https:\/\/radiostudiow.com.br\/site\/wp-content\/uploads\/2024\/09\/image-64-1.png\" alt=\"\" class=\"wp-image-28207\" srcset=\"https:\/\/radiostudiow.com.br\/site\/wp-content\/uploads\/2024\/09\/image-64-1.png 900w, https:\/\/radiostudiow.com.br\/site\/wp-content\/uploads\/2024\/09\/image-64-1-300x136.png 300w, https:\/\/radiostudiow.com.br\/site\/wp-content\/uploads\/2024\/09\/image-64-1-768x348.png 768w\" sizes=\"auto, (max-width: 900px) 100vw, 900px\" \/><\/figure>\n\n\n\n<p>Os presos foram encaminhados \u00e0 Cadeia P\u00fablica de Uni\u00e3o da Vit\u00f3ria onde permanecem \u00e0 disposi\u00e7\u00e3o da justi\u00e7a.<\/p>\n","protected":false},"excerpt":{"rendered":"<p>Suspeitos de furto de motocicletas no centro de Mallet s\u00e3o presos em opera\u00e7\u00e3o conjunta da 10\u00aa DRP de Mallet e do 27\u00ba Pel da PMPR. As investiga\u00e7\u00f5es foram iniciadas imediatamente ap\u00f3s a subtra\u00e7\u00e3o das motocicletas no \u00faltimo domingo, 22 de setembro. Na opera\u00e7\u00e3o, al\u00e9m da pris\u00e3o dos dois suspeitos, foram cumpridos mandados de busca e [&hellip;]<\/p>\n","protected":false},"author":2,"featured_media":28279,"comment_status":"open","ping_status":"open","sticky":false,"template":"","format":"standard","meta":{"footnotes":""},"categories":[2],"tags":[172],"class_list":["post-28278","post","type-post","status-publish","format-standard","has-post-thumbnail","hentry","category-policial","tag-featured"],"amp_enabled":true,"_links":{"self":[{"href":"https:\/\/radiostudiow.com.br\/site\/wp-json\/wp\/v2\/posts\/28278","targetHints":{"allow":["GET"]}}],"collection":[{"href":"https:\/\/radiostudiow.com.br\/site\/wp-json\/wp\/v2\/posts"}],"about":[{"href":"https:\/\/radiostudiow.com.br\/site\/wp-json\/wp\/v2\/types\/post"}],"author":[{"embeddable":true,"href":"https:\/\/radiostudiow.com.br\/site\/wp-json\/wp\/v2\/users\/2"}],"replies":[{"embeddable":true,"href":"https:\/\/radiostudiow.com.br\/site\/wp-json\/wp\/v2\/comments?post=28278"}],"version-history":[{"count":1,"href":"https:\/\/radiostudiow.com.br\/site\/wp-json\/wp\/v2\/posts\/28278\/revisions"}],"predecessor-version":[{"id":28280,"href":"https:\/\/radiostudiow.com.br\/site\/wp-json\/wp\/v2\/posts\/28278\/revisions\/28280"}],"wp:featuredmedia":[{"embeddable":true,"href":"https:\/\/radiostudiow.com.br\/site\/wp-json\/wp\/v2\/media\/28279"}],"wp:attachment":[{"href":"https:\/\/radiostudiow.com.br\/site\/wp-json\/wp\/v2\/media?parent=28278"}],"wp:term":[{"taxonomy":"category","embeddable":true,"href":"https:\/\/radiostudiow.com.br\/site\/wp-json\/wp\/v2\/categories?post=28278"},{"taxonomy":"post_tag","embeddable":true,"href":"https:\/\/radiostudiow.com.br\/site\/wp-json\/wp\/v2\/tags?post=28278"}],"curies":[{"name":"wp","href":"https:\/\/api.w.org\/{rel}","templated":true}]}}