{"id":28282,"date":"2024-10-02T09:25:36","date_gmt":"2024-10-02T12:25:36","guid":{"rendered":"https:\/\/radiostudiow.com.br\/site\/?p=28282"},"modified":"2025-01-31T14:58:23","modified_gmt":"2025-01-31T17:58:23","slug":"27o-batalhao-de-policia-militar-emite-nota-de-pesar-sobre-morte-de-soldado","status":"publish","type":"post","link":"https:\/\/radiostudiow.com.br\/site\/2024\/10\/02\/27o-batalhao-de-policia-militar-emite-nota-de-pesar-sobre-morte-de-soldado\/","title":{"rendered":"27\u00ba Batalh\u00e3o de Pol\u00edcia Militar emite nota de pesar sobre morte de Soldado"},"content":{"rendered":"\n<p>\u00c9 com profundo pesar que a Comunica\u00e7\u00e3o Social do 27\u00ba Batalh\u00e3o de Pol\u00edcia Militar informa o falecimento do Soldado Marcos Moreira Junior.<\/p>\n\n\n\n<p>Segundo informa\u00e7\u00f5es recebidas pela reportagem, o Soldado de 33 anos foi v\u00edtima de infarto.<\/p>\n\n\n\n<figure class=\"wp-block-image size-full\"><img loading=\"lazy\" decoding=\"async\" width=\"897\" height=\"204\" src=\"https:\/\/radiostudiow.com.br\/site\/wp-content\/uploads\/2023\/10\/SITE-GRANDE.png\" alt=\"\" class=\"wp-image-16338\" srcset=\"https:\/\/radiostudiow.com.br\/site\/wp-content\/uploads\/2023\/10\/SITE-GRANDE.png 897w, https:\/\/radiostudiow.com.br\/site\/wp-content\/uploads\/2023\/10\/SITE-GRANDE-300x68.png 300w, https:\/\/radiostudiow.com.br\/site\/wp-content\/uploads\/2023\/10\/SITE-GRANDE-768x175.png 768w\" sizes=\"auto, (max-width: 897px) 100vw, 897px\" \/><\/figure>\n\n\n\n<p>Durante sua trajet\u00f3ria na Corpora\u00e7\u00e3o, prestou servi\u00e7o nos munic\u00edpios de Uni\u00e3o da Vit\u00f3ria, General Carneiro, Bituruna, Paula Freitas e, mais recentemente, no Canil do 27\u00ba BPM.<\/p>\n\n\n\n<p>Sua dedica\u00e7\u00e3o e empenho no cumprimento do dever foram exemplares, e ele sempre se destacou pelo compromisso com a seguran\u00e7a p\u00fablica e o bem-estar da comunidade.<\/p>\n\n\n\n<p>A fam\u00edlia miliciana do Batalh\u00e3o Her\u00f3is do Contestado, juntamente com o 4\u00ba Comando Regional de Pol\u00edcia Militar, presta esta homenagem e agradece imensamente os servi\u00e7os prestados pelo&nbsp;Soldado Marcos Moreira Junior, que sempre honrou o militarismo e o nome da Pol\u00edcia Militar do Paran\u00e1.<\/p>\n\n\n\n<figure class=\"wp-block-image size-full\"><img loading=\"lazy\" decoding=\"async\" width=\"900\" height=\"408\" src=\"https:\/\/radiostudiow.com.br\/site\/wp-content\/uploads\/2024\/09\/image-64-1.png\" alt=\"\" class=\"wp-image-28207\" srcset=\"https:\/\/radiostudiow.com.br\/site\/wp-content\/uploads\/2024\/09\/image-64-1.png 900w, https:\/\/radiostudiow.com.br\/site\/wp-content\/uploads\/2024\/09\/image-64-1-300x136.png 300w, https:\/\/radiostudiow.com.br\/site\/wp-content\/uploads\/2024\/09\/image-64-1-768x348.png 768w\" sizes=\"auto, (max-width: 900px) 100vw, 900px\" \/><\/figure>\n\n\n\n<figure class=\"wp-block-image size-full\"><img loading=\"lazy\" decoding=\"async\" width=\"480\" height=\"600\" src=\"https:\/\/radiostudiow.com.br\/site\/wp-content\/uploads\/2024\/10\/02.jpg\" alt=\"\" class=\"wp-image-28283\" srcset=\"https:\/\/radiostudiow.com.br\/site\/wp-content\/uploads\/2024\/10\/02.jpg 480w, https:\/\/radiostudiow.com.br\/site\/wp-content\/uploads\/2024\/10\/02-240x300.jpg 240w\" sizes=\"auto, (max-width: 480px) 100vw, 480px\" \/><\/figure>\n\n\n\n<p>Que sua mem\u00f3ria seja lembrada com respeito e gratid\u00e3o por todos aqueles que tiveram o privil\u00e9gio de conhec\u00ea-lo.<\/p>\n","protected":false},"excerpt":{"rendered":"<p>\u00c9 com profundo pesar que a Comunica\u00e7\u00e3o Social do 27\u00ba Batalh\u00e3o de Pol\u00edcia Militar informa o falecimento do Soldado Marcos Moreira Junior. Segundo informa\u00e7\u00f5es recebidas pela reportagem, o Soldado de 33 anos foi v\u00edtima de infarto. Durante sua trajet\u00f3ria na Corpora\u00e7\u00e3o, prestou servi\u00e7o nos munic\u00edpios de Uni\u00e3o da Vit\u00f3ria, General Carneiro, Bituruna, Paula Freitas e, [&hellip;]<\/p>\n","protected":false},"author":2,"featured_media":28284,"comment_status":"open","ping_status":"open","sticky":false,"template":"","format":"standard","meta":{"footnotes":""},"categories":[185],"tags":[172],"class_list":["post-28282","post","type-post","status-publish","format-standard","has-post-thumbnail","hentry","category-regional","tag-featured"],"amp_enabled":true,"_links":{"self":[{"href":"https:\/\/radiostudiow.com.br\/site\/wp-json\/wp\/v2\/posts\/28282","targetHints":{"allow":["GET"]}}],"collection":[{"href":"https:\/\/radiostudiow.com.br\/site\/wp-json\/wp\/v2\/posts"}],"about":[{"href":"https:\/\/radiostudiow.com.br\/site\/wp-json\/wp\/v2\/types\/post"}],"author":[{"embeddable":true,"href":"https:\/\/radiostudiow.com.br\/site\/wp-json\/wp\/v2\/users\/2"}],"replies":[{"embeddable":true,"href":"https:\/\/radiostudiow.com.br\/site\/wp-json\/wp\/v2\/comments?post=28282"}],"version-history":[{"count":1,"href":"https:\/\/radiostudiow.com.br\/site\/wp-json\/wp\/v2\/posts\/28282\/revisions"}],"predecessor-version":[{"id":28285,"href":"https:\/\/radiostudiow.com.br\/site\/wp-json\/wp\/v2\/posts\/28282\/revisions\/28285"}],"wp:featuredmedia":[{"embeddable":true,"href":"https:\/\/radiostudiow.com.br\/site\/wp-json\/wp\/v2\/media\/28284"}],"wp:attachment":[{"href":"https:\/\/radiostudiow.com.br\/site\/wp-json\/wp\/v2\/media?parent=28282"}],"wp:term":[{"taxonomy":"category","embeddable":true,"href":"https:\/\/radiostudiow.com.br\/site\/wp-json\/wp\/v2\/categories?post=28282"},{"taxonomy":"post_tag","embeddable":true,"href":"https:\/\/radiostudiow.com.br\/site\/wp-json\/wp\/v2\/tags?post=28282"}],"curies":[{"name":"wp","href":"https:\/\/api.w.org\/{rel}","templated":true}]}}