{"id":28286,"date":"2024-10-02T09:31:26","date_gmt":"2024-10-02T12:31:26","guid":{"rendered":"https:\/\/radiostudiow.com.br\/site\/?p=28286"},"modified":"2025-01-31T14:58:23","modified_gmt":"2025-01-31T17:58:23","slug":"saiba-quais-sao-os-documentos-validos-para-votar-nas-eleicoes-2024","status":"publish","type":"post","link":"https:\/\/radiostudiow.com.br\/site\/2024\/10\/02\/saiba-quais-sao-os-documentos-validos-para-votar-nas-eleicoes-2024\/","title":{"rendered":"Saiba quais s\u00e3o os documentos v\u00e1lidos para votar nas elei\u00e7\u00f5es 2024"},"content":{"rendered":"\n<p>Eleitores com a situa\u00e7\u00e3o regular na Justi\u00e7a Eleitoral, mesmo que n\u00e3o tenham a biometria coletada, poder\u00e3o votar normalmente nas elei\u00e7\u00f5es municipais de 2024 no pr\u00f3ximo dia 6 de outubro. Confira abaixo tudo o que voc\u00ea precisa saber para exercer sua cidadania sem qualquer dificuldade.<\/p>\n\n\n\n<figure class=\"wp-block-image size-full\"><img decoding=\"async\" src=\"https:\/\/radiostudiow.com.br\/site\/wp-content\/uploads\/2024\/01\/SITE-GRANDE4.png\" alt=\"\" class=\"wp-image-18920\"\/><\/figure>\n\n\n\n<p><strong>DOCUMENTOS ACEITOS:<\/strong><\/p>\n\n\n\n<p>\u00c9 importante apresentar um documento com foto para se identificar na se\u00e7\u00e3o eleitoral. Al\u00e9m do t\u00edtulo de eleitor, os documentos v\u00e1lidos na hora de votar s\u00e3o:<\/p>\n\n\n\n<ol class=\"wp-block-list\">\n<li>1- Carteira de Identidade (Registro Geral ou RG) ou a Identidade Social (no caso de pessoas trans e travestis);<\/li>\n\n\n\n<li>Passaporte;<\/li>\n\n\n\n<li>2- Certificado de Reservista (para homens que prestaram servi\u00e7os militares na reserva);<\/li>\n\n\n\n<li>3- Carteira de Trabalho ou de Categoria Profissional reconhecida por lei;<\/li>\n\n\n\n<li>4- Carteira Nacional de Habilita\u00e7\u00e3o (CNH).<\/li>\n<\/ol>\n\n\n\n<p>O uso do aplicativo e-T\u00edtulo como documento de identifica\u00e7\u00e3o \u00e9 v\u00e1lido somente para quem j\u00e1 tem o cadastro biom\u00e9trico, ou seja, para aqueles eleitores em que aparecem os dados e a fotografia no aplicativo. Mas, caso o eleitor queira utilizar a vers\u00e3o f\u00edsica do t\u00edtulo eleitoral, ainda \u00e9 necess\u00e1rio apresentar um dos documentos descritos acima.<\/p>\n\n\n\n<figure class=\"wp-block-image size-full\"><img loading=\"lazy\" decoding=\"async\" width=\"900\" height=\"408\" src=\"https:\/\/radiostudiow.com.br\/site\/wp-content\/uploads\/2024\/09\/image-64-1.png\" alt=\"\" class=\"wp-image-28207\" srcset=\"https:\/\/radiostudiow.com.br\/site\/wp-content\/uploads\/2024\/09\/image-64-1.png 900w, https:\/\/radiostudiow.com.br\/site\/wp-content\/uploads\/2024\/09\/image-64-1-300x136.png 300w, https:\/\/radiostudiow.com.br\/site\/wp-content\/uploads\/2024\/09\/image-64-1-768x348.png 768w\" sizes=\"auto, (max-width: 900px) 100vw, 900px\" \/><\/figure>\n\n\n\n<p>Certid\u00f5es de casamento ou de nascimento, por n\u00e3o possu\u00edrem foto, n\u00e3o ser\u00e3o aceitas como documentos de identifica\u00e7\u00e3o. Tamb\u00e9m n\u00e3o ser\u00e1 aceito, no momento do voto, a apresenta\u00e7\u00e3o da carteira de trabalho digital, de acordo com Resolu\u00e7\u00e3o TSE n.\u00ba 23.736\/2024, que rege os atos do processo eleitoral.<\/p>\n","protected":false},"excerpt":{"rendered":"<p>Eleitores com a situa\u00e7\u00e3o regular na Justi\u00e7a Eleitoral, mesmo que n\u00e3o tenham a biometria coletada, poder\u00e3o votar normalmente nas elei\u00e7\u00f5es municipais de 2024 no pr\u00f3ximo dia 6 de outubro. Confira abaixo tudo o que voc\u00ea precisa saber para exercer sua cidadania sem qualquer dificuldade. DOCUMENTOS ACEITOS: \u00c9 importante apresentar um documento com foto para se [&hellip;]<\/p>\n","protected":false},"author":2,"featured_media":28287,"comment_status":"open","ping_status":"open","sticky":false,"template":"","format":"standard","meta":{"footnotes":""},"categories":[7],"tags":[172],"class_list":["post-28286","post","type-post","status-publish","format-standard","has-post-thumbnail","hentry","category-geral","tag-featured"],"amp_enabled":true,"_links":{"self":[{"href":"https:\/\/radiostudiow.com.br\/site\/wp-json\/wp\/v2\/posts\/28286","targetHints":{"allow":["GET"]}}],"collection":[{"href":"https:\/\/radiostudiow.com.br\/site\/wp-json\/wp\/v2\/posts"}],"about":[{"href":"https:\/\/radiostudiow.com.br\/site\/wp-json\/wp\/v2\/types\/post"}],"author":[{"embeddable":true,"href":"https:\/\/radiostudiow.com.br\/site\/wp-json\/wp\/v2\/users\/2"}],"replies":[{"embeddable":true,"href":"https:\/\/radiostudiow.com.br\/site\/wp-json\/wp\/v2\/comments?post=28286"}],"version-history":[{"count":2,"href":"https:\/\/radiostudiow.com.br\/site\/wp-json\/wp\/v2\/posts\/28286\/revisions"}],"predecessor-version":[{"id":28290,"href":"https:\/\/radiostudiow.com.br\/site\/wp-json\/wp\/v2\/posts\/28286\/revisions\/28290"}],"wp:featuredmedia":[{"embeddable":true,"href":"https:\/\/radiostudiow.com.br\/site\/wp-json\/wp\/v2\/media\/28287"}],"wp:attachment":[{"href":"https:\/\/radiostudiow.com.br\/site\/wp-json\/wp\/v2\/media?parent=28286"}],"wp:term":[{"taxonomy":"category","embeddable":true,"href":"https:\/\/radiostudiow.com.br\/site\/wp-json\/wp\/v2\/categories?post=28286"},{"taxonomy":"post_tag","embeddable":true,"href":"https:\/\/radiostudiow.com.br\/site\/wp-json\/wp\/v2\/tags?post=28286"}],"curies":[{"name":"wp","href":"https:\/\/api.w.org\/{rel}","templated":true}]}}