{"id":28306,"date":"2024-10-02T14:47:13","date_gmt":"2024-10-02T17:47:13","guid":{"rendered":"https:\/\/radiostudiow.com.br\/site\/?p=28306"},"modified":"2025-01-31T14:58:23","modified_gmt":"2025-01-31T17:58:23","slug":"dois-casos-de-furtos-foram-registrados-pela-policia-militar-de-bituruna","status":"publish","type":"post","link":"https:\/\/radiostudiow.com.br\/site\/2024\/10\/02\/dois-casos-de-furtos-foram-registrados-pela-policia-militar-de-bituruna\/","title":{"rendered":"Dois casos de furtos foram registrados pela Pol\u00edcia Militar de Bituruna"},"content":{"rendered":"\n<p>A equipe da Pol\u00edcia Militar de Bituruna registrou por volta das 16h30min dessa ter\u00e7a-feira, 01 de outubro, dois casos de furto qualificado.<\/p>\n\n\n\n<p>O primeiro caso foi registrado por uma moradora da \u00e1rea rural, a qual compareceu neste DPM relatando que no dia 25 de setembro de 2024 teria desaparecido uma novilha de ra\u00e7a e suspeita-se que tenha sido furtada.<\/p>\n\n\n\n<figure class=\"wp-block-image size-full\"><img loading=\"lazy\" decoding=\"async\" width=\"598\" height=\"204\" src=\"https:\/\/radiostudiow.com.br\/site\/wp-content\/uploads\/2024\/09\/AFUBRA.png\" alt=\"\" class=\"wp-image-27135\" srcset=\"https:\/\/radiostudiow.com.br\/site\/wp-content\/uploads\/2024\/09\/AFUBRA.png 598w, https:\/\/radiostudiow.com.br\/site\/wp-content\/uploads\/2024\/09\/AFUBRA-300x102.png 300w\" sizes=\"auto, (max-width: 598px) 100vw, 598px\" \/><\/figure>\n\n\n\n<p>O segundo furto foi registrado na localidade de Col\u00f4nia Jacutinga. Uma segunda mulher compareceu neste DPM relatando que no dia 28 de setembro de 2024 teria sido furtado uma antena de internet da marca HughesNet da sua resid\u00eancia.<\/p>\n\n\n\n<p>Diante das situa\u00e7\u00f5es relatadas ambas as solicitantes foram orientadas quanto aos demais procedimentos.<\/p>\n","protected":false},"excerpt":{"rendered":"<p>A equipe da Pol\u00edcia Militar de Bituruna registrou por volta das 16h30min dessa ter\u00e7a-feira, 01 de outubro, dois casos de furto qualificado. O primeiro caso foi registrado por uma moradora da \u00e1rea rural, a qual compareceu neste DPM relatando que no dia 25 de setembro de 2024 teria desaparecido uma novilha de ra\u00e7a e suspeita-se [&hellip;]<\/p>\n","protected":false},"author":2,"featured_media":24373,"comment_status":"open","ping_status":"open","sticky":false,"template":"","format":"standard","meta":{"footnotes":""},"categories":[2],"tags":[172],"class_list":["post-28306","post","type-post","status-publish","format-standard","has-post-thumbnail","hentry","category-policial","tag-featured"],"amp_enabled":true,"_links":{"self":[{"href":"https:\/\/radiostudiow.com.br\/site\/wp-json\/wp\/v2\/posts\/28306","targetHints":{"allow":["GET"]}}],"collection":[{"href":"https:\/\/radiostudiow.com.br\/site\/wp-json\/wp\/v2\/posts"}],"about":[{"href":"https:\/\/radiostudiow.com.br\/site\/wp-json\/wp\/v2\/types\/post"}],"author":[{"embeddable":true,"href":"https:\/\/radiostudiow.com.br\/site\/wp-json\/wp\/v2\/users\/2"}],"replies":[{"embeddable":true,"href":"https:\/\/radiostudiow.com.br\/site\/wp-json\/wp\/v2\/comments?post=28306"}],"version-history":[{"count":1,"href":"https:\/\/radiostudiow.com.br\/site\/wp-json\/wp\/v2\/posts\/28306\/revisions"}],"predecessor-version":[{"id":28307,"href":"https:\/\/radiostudiow.com.br\/site\/wp-json\/wp\/v2\/posts\/28306\/revisions\/28307"}],"wp:featuredmedia":[{"embeddable":true,"href":"https:\/\/radiostudiow.com.br\/site\/wp-json\/wp\/v2\/media\/24373"}],"wp:attachment":[{"href":"https:\/\/radiostudiow.com.br\/site\/wp-json\/wp\/v2\/media?parent=28306"}],"wp:term":[{"taxonomy":"category","embeddable":true,"href":"https:\/\/radiostudiow.com.br\/site\/wp-json\/wp\/v2\/categories?post=28306"},{"taxonomy":"post_tag","embeddable":true,"href":"https:\/\/radiostudiow.com.br\/site\/wp-json\/wp\/v2\/tags?post=28306"}],"curies":[{"name":"wp","href":"https:\/\/api.w.org\/{rel}","templated":true}]}}